{"id":3863,"date":"2026-09-03T07:14:54","date_gmt":"2026-09-03T07:14:54","guid":{"rendered":"https:\/\/sternwarte-zweibruecken.de\/?p=3863"},"modified":"2026-09-03T07:14:54","modified_gmt":"2026-09-03T07:14:54","slug":"le-ciel-etoile-en-septembre-2026","status":"publish","type":"post","link":"https:\/\/sternwarte-zweibruecken.de\/fr\/archive\/3863","title":{"rendered":"Le ciel \u00e9toil\u00e9 en septembre 2026"},"content":{"rendered":"<p class=\"wp-block-paragraph\">&nbsp;<\/p>\r\n\r\n\r\n<div class=\"wp-block-image\">\r\n<figure class=\"aligncenter size-full is-resized\"><img loading=\"lazy\" decoding=\"async\" width=\"1016\" height=\"720\" class=\"wp-image-3867 aligncenter\" style=\"aspect-ratio: 1.40865 \/ 1; width: 676px; height: 480px;\" src=\"https:\/\/sternwarte-zweibruecken.de\/wp-content\/uploads\/2026\/09\/image-1.png\" alt=\"\" srcset=\"https:\/\/sternwarte-zweibruecken.de\/wp-content\/uploads\/2026\/09\/image-1.png 1016w, https:\/\/sternwarte-zweibruecken.de\/wp-content\/uploads\/2026\/09\/image-1-300x213.png 300w, https:\/\/sternwarte-zweibruecken.de\/wp-content\/uploads\/2026\/09\/image-1-17x12.png 17w, https:\/\/sternwarte-zweibruecken.de\/wp-content\/uploads\/2026\/09\/image-1-768x544.png 768w\" sizes=\"auto, (max-width: 1016px) 100vw, 1016px\" \/><\/figure>\r\n<p>&nbsp;<\/p>\r\n<\/div>\r\n\r\n\r\n<p class=\"has-text-align-left has-black-color has-text-color has-link-color wp-elements-1 wp-block-paragraph\" style=\"text-align: left;\">Apr\u00e8s les nuits lumineuses de l'\u00e9t\u00e9, la nuit tombe nettement plus t\u00f4t en septembre. Vers 21h30, on peut d\u00e9j\u00e0 voir la plupart des constellations. Au-dessus de nous, \u00e0 la verticale, tombe d'abord l'\u00e9toile brillante\u00a0<strong>Wega<\/strong>\u00a0sur. Si vous y jetez un coup d'\u0153il plus tard, lorsque la nuit est tomb\u00e9e, vous verrez aussi la petite constellation en forme de losange.\u00a0<strong>Lyre<\/strong>\u00a0dans laquelle Vega est l'\u00e9toile la plus brillante. Celui qui ne voit pas la Lyre n'a pas vu Vega, mais peut-\u00eatre l'\u00e9toile Atair (constellation\u00a0<strong>Aigle<\/strong>) ou Deneb (constellation\u00a0<strong>Cygne<\/strong>) en ligne de mire. V\u00e9ga, Alta\u00efr et Deneb forment ensemble un grand triangle que l'on appelle le \u201e triangle d'\u00e9t\u00e9 \u201c. Au c\u0153ur de ce triangle d'\u00e9t\u00e9, l\u00e9g\u00e8rement \u00e0 gauche de celui-ci, se trouvent les constellations\u00a0<strong>Fl\u00e8che<\/strong>\u00a0et\u00a0<strong>Dauphin<\/strong>. Aucun des deux ne poss\u00e8de d'\u00e9toiles brillantes, mais comme ils sont si petits, leurs figures ne sautent pas aux yeux au premier abord. \u00c0 pr\u00e9sent, c'est aussi la\u00a0<strong>Voie lact\u00e9e<\/strong>\u00a0se distingue comme un ruban p\u00e2le et chatoyant haut au-dessus de nos t\u00eates. Tant la partie occidentale du ciel, avec les constellations du d\u00e9but de l'\u00e9t\u00e9 qui descendent, que le ciel oriental, avec les constellations d'automne qui montent, sont pauvres en \u00e9toiles brillantes. Dans la constellation des Poissons brille\u00a0<strong>Saturne,\u00a0<\/strong>Un peu plus \u00e0 l'ouest, on peut <strong>Neptune<\/strong>\u00a0observer.<\/p>\r\n<p>&nbsp;<\/p>\r\n<p>&nbsp;<\/p>\r\n\r\n\r\n\r\n<p class=\"wp-block-paragraph\"><span style=\"color: #000000;\"><strong>Les phases lunaires en septembre 2026<\/strong><\/span><\/p>\r\n\r\n\r\n\r\n<figure class=\"wp-block-image size-full is-resized\"><img loading=\"lazy\" decoding=\"async\" width=\"1024\" height=\"122\" class=\"wp-image-3866 aligncenter\" style=\"aspect-ratio: 8.40278 \/ 1; width: 773px; height: 92px;\" src=\"https:\/\/sternwarte-zweibruecken.de\/wp-content\/uploads\/2026\/09\/image-1.jpeg\" alt=\"\" srcset=\"https:\/\/sternwarte-zweibruecken.de\/wp-content\/uploads\/2026\/09\/image-1.jpeg 1024w, https:\/\/sternwarte-zweibruecken.de\/wp-content\/uploads\/2026\/09\/image-1-300x36.jpeg 300w, https:\/\/sternwarte-zweibruecken.de\/wp-content\/uploads\/2026\/09\/image-1-764x91.jpeg 764w, https:\/\/sternwarte-zweibruecken.de\/wp-content\/uploads\/2026\/09\/image-1-18x2.jpeg 18w\" sizes=\"auto, (max-width: 1024px) 100vw, 1024px\" \/><\/figure>\r\n\r\n\r\n\r\n<p class=\"wp-block-paragraph\">&nbsp;<\/p>\r\n<p><span style=\"color: #000000;\"><strong>Les plan\u00e8tes en septembre 2026<\/strong><\/span><\/p>\r\n<p><span style=\"color: #000000;\">\r\n\r\n<\/span><\/p>\r\n<p class=\"has-black-color has-text-color has-link-color wp-elements-2 wp-block-paragraph\"><span style=\"color: #000000;\"><strong>Mercure<\/strong>\u00a0Il s'\u00e9loigne progressivement du Soleil et, fin septembre, se trouve \u00e0 23 degr\u00e9s \u00e0 l'est de celui-ci. Cependant, comme il est situ\u00e9 plus au sud que le Soleil, il n'est pas visible en Europe au cr\u00e9puscule.<\/span><\/p>\r\n<p><span style=\"color: #000000;\">\r\n\r\n<\/span><\/p>\r\n<p class=\"has-black-color has-text-color has-link-color wp-elements-3 wp-block-paragraph\"><span style=\"color: #000000;\"><strong>Venus<\/strong>\u00a0Sa visibilit\u00e9 en soir\u00e9e diminue d\u00e9sormais rapidement et elle dispara\u00eetra progressivement dans le cr\u00e9puscule lumineux de fin septembre. Le 14 septembre, la Lune croissante masquera V\u00e9nus en fin de matin\u00e9e. Le soir, on pourra voir la Lune \u00e0 c\u00f4t\u00e9 de V\u00e9nus.<\/span><\/p>\r\n<p><span style=\"color: #000000;\">\r\n\r\n<\/span><\/p>\r\n<p class=\"has-black-color has-text-color has-link-color wp-elements-4 wp-block-paragraph\"><span style=\"color: #000000;\"><strong>Mars<\/strong>\u00a0traverse la constellation des G\u00e9meaux et appara\u00eet avec eux dans le ciel matinal. Fin septembre, la plan\u00e8te rouge se trouve dans la constellation du Cancer.<\/span><\/p>\r\n<p><span style=\"color: #000000;\">\r\n\r\n<\/span><\/p>\r\n<p class=\"has-black-color has-text-color has-link-color wp-elements-5 wp-block-paragraph\"><span style=\"color: #000000;\"><strong>Jupiter<\/strong>\u00a0Mars se l\u00e8ve le matin. Cette plan\u00e8te g\u00e9ante se trouve d'abord dans la constellation du Cancer, puis dans celle du Lion. Le 9 septembre, on peut apercevoir, sous Jupiter, le mince croissant de la Lune d\u00e9croissante.<\/span><\/p>\r\n<p><span style=\"color: #000000;\">\r\n\r\n<\/span><\/p>\r\n<p class=\"has-black-color has-text-color has-link-color wp-elements-6 wp-block-paragraph\"><span style=\"color: #000000;\"><strong>Saturne<\/strong>\u00a0Il quitte \u00e0 nouveau la constellation des Poissons pour rejoindre celle de la Baleine, poursuivant sa course r\u00e9trograde. D\u00e9but octobre, il atteindra sa position d'opposition et figurera donc en bonne place sur la liste d'observation d\u00e8s le mois de septembre.<\/span><\/p>\r\n<p><span style=\"color: #000000;\">\r\n\r\n<\/span><\/p>\r\n<p class=\"has-black-color has-text-color has-link-color wp-elements-7 wp-block-paragraph\"><span style=\"color: #000000;\"><strong>Uranus<\/strong>\u00a0commence en septembre son cycle d'opposition dans la constellation du Taureau. En septembre, la plan\u00e8te verd\u00e2tre n'est encore visible que pendant la seconde moiti\u00e9 de la nuit.<\/span><\/p>\r\n<p><span style=\"color: #000000;\">\r\n\r\n<\/span><\/p>\r\n<p class=\"has-black-color has-text-color has-link-color wp-elements-8 wp-block-paragraph\"><span style=\"color: #000000;\"><strong>Neptune<\/strong>\u00a0Dans la constellation des Poissons, elle atteindra son opposition cette ann\u00e9e d\u00e8s la fin septembre et sera alors visible toute la nuit.<\/span><\/p>\r\n<p><span style=\"color: #000000;\">\r\n\r\n<\/span><\/p>\r\n<p class=\"wp-block-paragraph\"><span style=\"color: #000000;\">D'apr\u00e8s, sous une forme adapt\u00e9e,<\/span> <a href=\"https:\/\/sternfreunde.de\/astronomie-entdecken\/der-sternenhimmel\/aktuelle-sternbilder-und-planeten\/der-sternenhimmel-im-september\/\">Le ciel \u00e9toil\u00e9 en septembre 2026 \u2013 Association des amateurs d'astronomie (Vereinigung der Sternfreunde e.V.).<\/a><\/p>","protected":false},"excerpt":{"rendered":"<p>&nbsp; Apr\u00e8s les nuits claires de l'\u00e9t\u00e9, la nuit tombe \u00e0 nouveau beaucoup plus t\u00f4t en septembre. D\u00e8s 21 h 30 environ, on peut d\u00e9j\u00e0 observer la plupart des constellations. \u00c0 la verticale au-dessus de nous, c'est d'abord l'\u00e9toile brillante V\u00e9ga qui attire l'attention. Ceux qui, plus tard, quand...<\/p>","protected":false},"author":28,"featured_media":0,"comment_status":"closed","ping_status":"closed","sticky":false,"template":"","format":"standard","meta":{"footnotes":""},"categories":[38],"tags":[],"class_list":["post-3863","post","type-post","status-publish","format-standard","hentry","category-die-himmelsvorschau"],"_links":{"self":[{"href":"https:\/\/sternwarte-zweibruecken.de\/fr\/wp-json\/wp\/v2\/posts\/3863","targetHints":{"allow":["GET"]}}],"collection":[{"href":"https:\/\/sternwarte-zweibruecken.de\/fr\/wp-json\/wp\/v2\/posts"}],"about":[{"href":"https:\/\/sternwarte-zweibruecken.de\/fr\/wp-json\/wp\/v2\/types\/post"}],"author":[{"embeddable":true,"href":"https:\/\/sternwarte-zweibruecken.de\/fr\/wp-json\/wp\/v2\/users\/28"}],"replies":[{"embeddable":true,"href":"https:\/\/sternwarte-zweibruecken.de\/fr\/wp-json\/wp\/v2\/comments?post=3863"}],"version-history":[{"count":5,"href":"https:\/\/sternwarte-zweibruecken.de\/fr\/wp-json\/wp\/v2\/posts\/3863\/revisions"}],"predecessor-version":[{"id":3872,"href":"https:\/\/sternwarte-zweibruecken.de\/fr\/wp-json\/wp\/v2\/posts\/3863\/revisions\/3872"}],"wp:attachment":[{"href":"https:\/\/sternwarte-zweibruecken.de\/fr\/wp-json\/wp\/v2\/media?parent=3863"}],"wp:term":[{"taxonomy":"category","embeddable":true,"href":"https:\/\/sternwarte-zweibruecken.de\/fr\/wp-json\/wp\/v2\/categories?post=3863"},{"taxonomy":"post_tag","embeddable":true,"href":"https:\/\/sternwarte-zweibruecken.de\/fr\/wp-json\/wp\/v2\/tags?post=3863"}],"curies":[{"name":"wp","href":"https:\/\/api.w.org\/{rel}","templated":true}]}}