{"id":3333,"date":"2025-07-26T15:22:37","date_gmt":"2025-07-26T15:22:37","guid":{"rendered":"https:\/\/sternwarte-zweibruecken.de\/?p=3333"},"modified":"2025-07-26T15:22:38","modified_gmt":"2025-07-26T15:22:38","slug":"le-ciel-etoile-en-aout-2025","status":"publish","type":"post","link":"https:\/\/sternwarte-zweibruecken.de\/fr\/archive\/3333","title":{"rendered":"Le ciel \u00e9toil\u00e9 en ao\u00fbt 2025"},"content":{"rendered":"<div class=\"wp-block-image\">\n<figure class=\"aligncenter size-large is-resized\"><a href=\"https:\/\/sternwarte-zweibruecken.de\/wp-content\/uploads\/2025\/07\/VdS-Sternkarten_2025_08.jpg\" target=\"_blank\" rel=\" noreferrer noopener\"><img loading=\"lazy\" decoding=\"async\" width=\"1024\" height=\"722\" src=\"https:\/\/sternwarte-zweibruecken.de\/wp-content\/uploads\/2025\/07\/VdS-Sternkarten_2025_08-1024x722.jpg\" alt=\"\" class=\"wp-image-3335\" style=\"aspect-ratio:1.4183290835458227;width:653px;height:auto\" srcset=\"https:\/\/sternwarte-zweibruecken.de\/wp-content\/uploads\/2025\/07\/VdS-Sternkarten_2025_08-1024x722.jpg 1024w, https:\/\/sternwarte-zweibruecken.de\/wp-content\/uploads\/2025\/07\/VdS-Sternkarten_2025_08-300x212.jpg 300w, https:\/\/sternwarte-zweibruecken.de\/wp-content\/uploads\/2025\/07\/VdS-Sternkarten_2025_08-768x541.jpg 768w, https:\/\/sternwarte-zweibruecken.de\/wp-content\/uploads\/2025\/07\/VdS-Sternkarten_2025_08-1536x1083.jpg 1536w, https:\/\/sternwarte-zweibruecken.de\/wp-content\/uploads\/2025\/07\/VdS-Sternkarten_2025_08-18x12.jpg 18w, https:\/\/sternwarte-zweibruecken.de\/wp-content\/uploads\/2025\/07\/VdS-Sternkarten_2025_08.jpg 1600w\" sizes=\"auto, (max-width: 1024px) 100vw, 1024px\" \/><\/a><\/figure>\n<\/div>\n\n\n<p class=\"has-black-color has-text-color has-link-color wp-elements-1 wp-block-paragraph\"><br>Apr\u00e8s 22 heures, les premi\u00e8res \u00e9toiles peuvent \u00eatre observ\u00e9es en raison de l'obscurit\u00e9 qui s'installe alors. En levant les yeux vers 23 heures, on peut apercevoir l'\u00e9toile brillante Vega dans la constellation de l'Ours.&nbsp;<strong>Lyre<\/strong>&nbsp;voir. Deux autres \u00e9toiles brillantes forment avec Vega le \"triangle d'\u00e9t\u00e9\" : \u00e0 gauche de Vega, l'\u00e9toile Deneb dans la constellation&nbsp;<strong>Cygne<\/strong>&nbsp;et, un peu plus loin vers l'horizon, l'\u00e9toile Atair dans la constellation de l'Ours.&nbsp;<strong>Aigle<\/strong>. D\u00e8s que la nuit tombe \u00e0 nouveau vraiment \u00e0 la mi-ao\u00fbt, on peut deviner comment, au milieu du triangle d'\u00e9t\u00e9, le ruban de la&nbsp;<strong>Voie lact\u00e9e<\/strong>&nbsp;se d\u00e9place. A l'est, avec&nbsp;<strong>Pegasus<\/strong>&nbsp;et&nbsp;<strong>Androm\u00e8de<\/strong>&nbsp;les premi\u00e8res images d'automne. Au plus profond du sud-est, le&nbsp;<strong>Saturne<\/strong>&nbsp;dans les Poissons est maintenant visible \u00e0 l'horizon. Non loin de lui se trouve le peu lumineux&nbsp;<strong>Neptune<\/strong>&nbsp;\u00e0 trouver.<\/p>\n\n\n\n<p class=\"has-black-color has-text-color has-link-color wp-elements-2 wp-block-paragraph\"><strong>Les phases de la lune en ao\u00fbt 2025<\/strong><\/p>\n\n\n<div class=\"wp-block-image\">\n<figure class=\"aligncenter size-full is-resized\"><a href=\"https:\/\/sternwarte-zweibruecken.de\/wp-content\/uploads\/2025\/07\/VdS-Mondphasen_2025_08-1024x122-1.jpg\" target=\"_blank\" rel=\" noreferrer noopener\"><img loading=\"lazy\" decoding=\"async\" width=\"1024\" height=\"122\" src=\"https:\/\/sternwarte-zweibruecken.de\/wp-content\/uploads\/2025\/07\/VdS-Mondphasen_2025_08-1024x122-1.jpg\" alt=\"\" class=\"wp-image-3334\" style=\"width:847px;height:auto\" srcset=\"https:\/\/sternwarte-zweibruecken.de\/wp-content\/uploads\/2025\/07\/VdS-Mondphasen_2025_08-1024x122-1.jpg 1024w, https:\/\/sternwarte-zweibruecken.de\/wp-content\/uploads\/2025\/07\/VdS-Mondphasen_2025_08-1024x122-1-300x36.jpg 300w, https:\/\/sternwarte-zweibruecken.de\/wp-content\/uploads\/2025\/07\/VdS-Mondphasen_2025_08-1024x122-1-768x92.jpg 768w, https:\/\/sternwarte-zweibruecken.de\/wp-content\/uploads\/2025\/07\/VdS-Mondphasen_2025_08-1024x122-1-18x2.jpg 18w\" sizes=\"auto, (max-width: 1024px) 100vw, 1024px\" \/><\/a><\/figure>\n<\/div>\n\n\n<p class=\"has-black-color has-text-color has-link-color wp-elements-3 wp-block-paragraph\"><br><strong>Les plan\u00e8tes en ao\u00fbt 2025<\/strong><\/p>\n\n\n\n<p class=\"wp-block-paragraph\"><strong>Mercure<\/strong>&nbsp;est visible dans le ciel matinal apr\u00e8s la mi-ao\u00fbt.<\/p>\n\n\n\n<p class=\"has-black-color has-text-color has-link-color wp-elements-4 wp-block-paragraph\"><strong>Venus<\/strong>&nbsp;reste une \"\u00e9toile du matin\". Elle passe par les G\u00e9meaux et se l\u00e8ve donc loin au nord-est. Le 12 ao\u00fbt, elle semble traverser l'orbite de Jupiter et passe \u00e0 moins d'un degr\u00e9 de la g\u00e9ante gazeuse.<\/p>\n\n\n\n<p class=\"has-black-color has-text-color has-link-color wp-elements-5 wp-block-paragraph\"><strong>Mars<\/strong>&nbsp;passe par la constellation de la Vierge et n'est ensuite plus visible dans le ciel du soir.<\/p>\n\n\n\n<p class=\"has-black-color has-text-color has-link-color wp-elements-6 wp-block-paragraph\"><strong>Jupiter<\/strong>&nbsp;dans les G\u00e9meaux est un objet du ciel matinal et passe devant V\u00e9nus le 12.8, voir ci-dessus. Le 20.8, le croissant de lune d\u00e9croissant s'ajoute au duo plan\u00e9taire. Un superbe motif pour lequel il vaut vraiment la peine de se lever t\u00f4t !<\/p>\n\n\n\n<p class=\"has-black-color has-text-color has-link-color wp-elements-7 wp-block-paragraph\"><strong>Saturne<\/strong>&nbsp;se d\u00e9place en r\u00e9trogradant dans la constellation des Poissons. La plan\u00e8te aux anneaux est bien visible \u00e0 partir de minuit environ. Le 6 ao\u00fbt, il y aura la deuxi\u00e8me des trois conjonctions avec Neptune de cette ann\u00e9e.<\/p>\n\n\n\n<p class=\"has-black-color has-text-color has-link-color wp-elements-8 wp-block-paragraph\">De m\u00eame, le<strong> Uranus<\/strong>&nbsp;est observable dans le ciel matinal en ao\u00fbt.<\/p>\n\n\n\n<p class=\"has-black-color has-text-color has-link-color wp-elements-9 wp-block-paragraph\"><strong>Neptune<\/strong>\u00a0traverse la constellation des Poissons en r\u00e9trogradant, tout comme Saturne. Lors de la conjonction des deux le 6 ao\u00fbt, leur distance mutuelle est d'un peu plus d'un degr\u00e9.<\/p>\n\n\n\n<p class=\"has-black-color has-text-color has-link-color wp-elements-10 wp-block-paragraph\">Source : <a href=\"https:\/\/sternfreunde.de\/\" target=\"_blank\" rel=\"noreferrer noopener\">VdS<\/a> (texte modifi\u00e9)<br><\/p>\n\n\n\n<p class=\"wp-block-paragraph\"><\/p>","protected":false},"excerpt":{"rendered":"<p>Apr\u00e8s 22 heures, les premi\u00e8res \u00e9toiles peuvent \u00eatre observ\u00e9es en raison de l'obscurit\u00e9 qui s'installe alors. En levant les yeux vers 23 heures, on peut voir l'\u00e9toile brillante Vega dans la constellation de la Lyre. Deux autres \u00e9toiles brillantes forment...<\/p>","protected":false},"author":7,"featured_media":0,"comment_status":"closed","ping_status":"closed","sticky":false,"template":"","format":"standard","meta":{"footnotes":""},"categories":[38],"tags":[],"class_list":["post-3333","post","type-post","status-publish","format-standard","hentry","category-die-himmelsvorschau"],"_links":{"self":[{"href":"https:\/\/sternwarte-zweibruecken.de\/fr\/wp-json\/wp\/v2\/posts\/3333","targetHints":{"allow":["GET"]}}],"collection":[{"href":"https:\/\/sternwarte-zweibruecken.de\/fr\/wp-json\/wp\/v2\/posts"}],"about":[{"href":"https:\/\/sternwarte-zweibruecken.de\/fr\/wp-json\/wp\/v2\/types\/post"}],"author":[{"embeddable":true,"href":"https:\/\/sternwarte-zweibruecken.de\/fr\/wp-json\/wp\/v2\/users\/7"}],"replies":[{"embeddable":true,"href":"https:\/\/sternwarte-zweibruecken.de\/fr\/wp-json\/wp\/v2\/comments?post=3333"}],"version-history":[{"count":1,"href":"https:\/\/sternwarte-zweibruecken.de\/fr\/wp-json\/wp\/v2\/posts\/3333\/revisions"}],"predecessor-version":[{"id":3336,"href":"https:\/\/sternwarte-zweibruecken.de\/fr\/wp-json\/wp\/v2\/posts\/3333\/revisions\/3336"}],"wp:attachment":[{"href":"https:\/\/sternwarte-zweibruecken.de\/fr\/wp-json\/wp\/v2\/media?parent=3333"}],"wp:term":[{"taxonomy":"category","embeddable":true,"href":"https:\/\/sternwarte-zweibruecken.de\/fr\/wp-json\/wp\/v2\/categories?post=3333"},{"taxonomy":"post_tag","embeddable":true,"href":"https:\/\/sternwarte-zweibruecken.de\/fr\/wp-json\/wp\/v2\/tags?post=3333"}],"curies":[{"name":"wp","href":"https:\/\/api.w.org\/{rel}","templated":true}]}}