{"id":3299,"date":"2025-05-30T12:12:26","date_gmt":"2025-05-30T12:12:26","guid":{"rendered":"https:\/\/sternwarte-zweibruecken.de\/?p=3299"},"modified":"2025-05-30T12:12:27","modified_gmt":"2025-05-30T12:12:27","slug":"le-ciel-etoile-en-juin-2025","status":"publish","type":"post","link":"https:\/\/sternwarte-zweibruecken.de\/fr\/archive\/3299","title":{"rendered":"Le ciel \u00e9toil\u00e9 en juin 2025"},"content":{"rendered":"<p class=\"has-black-color has-text-color has-link-color wp-elements-1 wp-block-paragraph\"><strong>Mercure<\/strong> dans le ciel du soir, <strong>Solstice d'\u00e9t\u00e9<\/strong><br>En raison des nuits trop courtes, l'observatoire restera ferm\u00e9 la nuit en juin. Il est toutefois pr\u00e9vu d'ouvrir l'observatoire quelques dimanches entre 14h00 et 16h00 pour observer le soleil. Les dates ne peuvent pas \u00eatre planifi\u00e9es de mani\u00e8re fixe en raison des conditions m\u00e9t\u00e9orologiques. Les horaires seront annonc\u00e9s sur notre page principale.<\/p>\n\n\n\n<p class=\"has-black-color has-text-color has-link-color wp-elements-2 wp-block-paragraph\"><strong>SOLEIL ET LUNE<\/strong><\/p>\n\n\n\n<p class=\"has-black-color has-text-color has-link-color wp-elements-3 wp-block-paragraph\">Le jour le plus long de l'ann\u00e9e 2025 est le 21 juin. \u00c0 04h42, le soleil atteint sa plus grande latitude nord, en raison de l'inclinaison de 23,45 degr\u00e9s de l'axe de la Terre. Ce jour-l\u00e0, \u00e0 13h32, le soleil se trouve \u00e0 64,18 degr\u00e9s au-dessus de l'horizon \u00e0 Zweibr\u00fccken. La dur\u00e9e du jour est de 16 heures et 23 minutes. D'un point de vue astronomique, il ne fait plus vraiment nuit \u00e0 notre latitude. Il n'y a de nuit astronomique que lorsque le soleil est plus bas que 18 degr\u00e9s sous l'horizon. Ce n'est pas le cas entre le 7 juin et le 4 juillet. Nous pouvons nous attendre \u00e0 de longues journ\u00e9es lumineuses et, en raison de la pleine lune du 11 juin, \u00e0 des nuits plus claires. La pleine lune d'\u00e9t\u00e9 ne nous semble toutefois pas aussi lumineuse que celle d'hiver. Sa hauteur maximale n'est que de 12,3 degr\u00e9s cette nuit-l\u00e0.<\/p>\n\n\n<div class=\"wp-block-image\">\n<figure class=\"aligncenter size-full is-resized\"><img loading=\"lazy\" decoding=\"async\" width=\"1024\" height=\"122\" src=\"https:\/\/sternwarte-zweibruecken.de\/wp-content\/uploads\/2025\/05\/VdS-Mondphasen_2025_06-1024x122-1.jpg\" alt=\"\" class=\"wp-image-3296\" style=\"width:754px;height:auto\" srcset=\"https:\/\/sternwarte-zweibruecken.de\/wp-content\/uploads\/2025\/05\/VdS-Mondphasen_2025_06-1024x122-1.jpg 1024w, https:\/\/sternwarte-zweibruecken.de\/wp-content\/uploads\/2025\/05\/VdS-Mondphasen_2025_06-1024x122-1-300x36.jpg 300w, https:\/\/sternwarte-zweibruecken.de\/wp-content\/uploads\/2025\/05\/VdS-Mondphasen_2025_06-1024x122-1-768x92.jpg 768w, https:\/\/sternwarte-zweibruecken.de\/wp-content\/uploads\/2025\/05\/VdS-Mondphasen_2025_06-1024x122-1-18x2.jpg 18w\" sizes=\"auto, (max-width: 1024px) 100vw, 1024px\" \/><figcaption class=\"wp-element-caption\">Source : <a href=\"http:\/\/www.sternfreunde.de\" target=\"_blank\" rel=\"noreferrer noopener\">VDS<\/a><\/figcaption><\/figure>\n<\/div>\n\n\n<p class=\"has-black-color has-text-color has-link-color wp-elements-4 wp-block-paragraph\"><br><strong>PLAN\u00c8TE<\/strong><\/p>\n\n\n\n<p class=\"has-black-color has-text-color has-link-color wp-elements-5 wp-block-paragraph\">Le ciel du soir se r\u00e9v\u00e8le pauvre en plan\u00e8tes.<\/p>\n\n\n\n<p class=\"has-black-color has-text-color has-link-color wp-elements-6 wp-block-paragraph\"><strong>Mercure<\/strong> est observable dans le ciel du soir pour la deuxi\u00e8me et derni\u00e8re fois de l'ann\u00e9e dans la derni\u00e8re moiti\u00e9 du mois - ses meilleurs jours d'observation se situent entre le 19 et le 27 juin.<br>Voici la vue du ciel \u00e0 22h15 depuis la colline de l'observatoire.<\/p>\n\n\n<div class=\"wp-block-image\">\n<figure class=\"aligncenter size-large is-resized\"><a href=\"https:\/\/sternwarte-zweibruecken.de\/wp-content\/uploads\/2025\/05\/202506-Merkur-2215.png\" target=\"_blank\" rel=\" noreferrer noopener\"><img loading=\"lazy\" decoding=\"async\" width=\"1024\" height=\"591\" src=\"https:\/\/sternwarte-zweibruecken.de\/wp-content\/uploads\/2025\/05\/202506-Merkur-2215-1024x591.png\" alt=\"\" class=\"wp-image-3298\" style=\"width:760px;height:auto\" srcset=\"https:\/\/sternwarte-zweibruecken.de\/wp-content\/uploads\/2025\/05\/202506-Merkur-2215-1024x591.png 1024w, https:\/\/sternwarte-zweibruecken.de\/wp-content\/uploads\/2025\/05\/202506-Merkur-2215-300x173.png 300w, https:\/\/sternwarte-zweibruecken.de\/wp-content\/uploads\/2025\/05\/202506-Merkur-2215-768x444.png 768w, https:\/\/sternwarte-zweibruecken.de\/wp-content\/uploads\/2025\/05\/202506-Merkur-2215-18x10.png 18w, https:\/\/sternwarte-zweibruecken.de\/wp-content\/uploads\/2025\/05\/202506-Merkur-2215.png 1437w\" sizes=\"auto, (max-width: 1024px) 100vw, 1024px\" \/><\/a><figcaption class=\"wp-element-caption\">Cr\u00e9\u00e9 avec <a href=\"https:\/\/stellarium.org\/\" target=\"_blank\" rel=\"noreferrer noopener\">Stellarium 23.3<\/a><\/figcaption><\/figure>\n<\/div>\n\n\n<p class=\"has-black-color has-text-color has-link-color wp-elements-7 wp-block-paragraph\"><br><strong>Venus<\/strong> atteint le 1er du mois sa distance angulaire maximale par rapport au Soleil, soit 45 degr\u00e9s. Il domine ainsi de son \u00e9clat le ciel matinal oriental.<\/p>\n\n\n\n<p class=\"has-black-color has-text-color has-link-color wp-elements-8 wp-block-paragraph\">La plan\u00e8te rouge <strong>Mars<\/strong> continue \u00e0 se retirer du ciel du soir. Elle n'est plus un objet attrayant pour l'observation visuelle et au t\u00e9lescope. Le soir du 17, elle passe \u00e0 seulement 0,8 degr\u00e9 de Regulus, l'\u00e9toile principale du Lion.<\/p>\n\n\n\n<p class=\"has-black-color has-text-color has-link-color wp-elements-9 wp-block-paragraph\">La plan\u00e8te g\u00e9ante <strong>Jupiter<\/strong> s'est compl\u00e8tement retir\u00e9 du ciel du soir. \u00c0 la mi-juillet, elle r\u00e9appara\u00eetra progressivement dans le ciel du matin.<\/p>\n\n\n\n<p class=\"has-black-color has-text-color has-link-color wp-elements-10 wp-block-paragraph\"><strong>Saturne<\/strong> est observable dans le ciel du matin. L'anneau de la plan\u00e8te gazeuse ne pr\u00e9sente qu'une petite ouverture dans le t\u00e9lescope.<\/p>\n\n\n\n<p class=\"has-black-color has-text-color has-link-color wp-elements-11 wp-block-paragraph\"><strong>Uranus<\/strong> \u00e9tait en conjonction avec le Soleil au milieu du mois pr\u00e9c\u00e9dent et n'est donc pas observable.<\/p>\n\n\n\n<p class=\"has-black-color has-text-color has-link-color wp-elements-12 wp-block-paragraph\"><strong>Neptune<\/strong> n'est pas encore un objet digne d'int\u00e9r\u00eat dans le ciel du matin.<\/p>\n\n\n\n<p class=\"has-black-color has-text-color has-link-color wp-elements-13 wp-block-paragraph\"><strong>CIEL D'\u00c9TOILE<\/strong><\/p>\n\n\n\n<p class=\"has-black-color has-text-color has-link-color wp-elements-14 wp-block-paragraph\">Sur le site <strong>Est<\/strong> les constellations d'\u00e9t\u00e9 se sont d\u00e9j\u00e0 lev\u00e9es. Parmi elles, le Cygne avec l'\u00e9toile Deneb, l'Aigle encore proche de l'horizon avec l'\u00e9toile principale Atair et la Lyre avec sa brillante \u00e9toile Vega, qui est \u00e9galement l'\u00e9toile la plus brillante du ciel bor\u00e9al. Ainsi, le triangle d'\u00e9t\u00e9, compos\u00e9 des trois \u00e9toiles mentionn\u00e9es, se trouve enti\u00e8rement au-dessus de l'horizon, m\u00eame s'il n'est pas encore tr\u00e8s haut.<\/p>\n\n\n<div class=\"wp-block-image\">\n<figure class=\"aligncenter size-large is-resized\"><a href=\"https:\/\/sternwarte-zweibruecken.de\/wp-content\/uploads\/2024\/05\/Sommerdreieck.png\" target=\"_blank\" rel=\" noreferrer noopener\"><img loading=\"lazy\" decoding=\"async\" width=\"1024\" height=\"659\" src=\"https:\/\/sternwarte-zweibruecken.de\/wp-content\/uploads\/2024\/05\/Sommerdreieck-1024x659.png\" alt=\"\" class=\"wp-image-2749\" style=\"width:746px;height:auto\" srcset=\"https:\/\/sternwarte-zweibruecken.de\/wp-content\/uploads\/2024\/05\/Sommerdreieck-1024x659.png 1024w, https:\/\/sternwarte-zweibruecken.de\/wp-content\/uploads\/2024\/05\/Sommerdreieck-300x193.png 300w, https:\/\/sternwarte-zweibruecken.de\/wp-content\/uploads\/2024\/05\/Sommerdreieck-768x494.png 768w, https:\/\/sternwarte-zweibruecken.de\/wp-content\/uploads\/2024\/05\/Sommerdreieck-18x12.png 18w, https:\/\/sternwarte-zweibruecken.de\/wp-content\/uploads\/2024\/05\/Sommerdreieck.png 1488w\" sizes=\"auto, (max-width: 1024px) 100vw, 1024px\" \/><\/a><figcaption class=\"wp-element-caption\">Triangle d'\u00e9t\u00e9 15.06.2025, 23:00 - Cr\u00e9\u00e9 avec <a href=\"https:\/\/projectpluto.com\/\" target=\"_blank\" rel=\"noreferrer noopener\">Guide 9.1<\/a><\/figcaption><\/figure>\n<\/div>\n\n\n<p class=\"has-black-color has-text-color has-link-color wp-elements-15 wp-block-paragraph\"><br>Au fond du <strong>Sud<\/strong> on trouve le Scorpion avec son \u00e9toile principale Antares, ce qui signifie Gegenmars. En raison de sa couleur rouge\u00e2tre, elle a d\u00e9j\u00e0 \u00e9t\u00e9 confondue avec Mars, qui est \u00e9galement rouge\u00e2tre. L'\u00e9toile brillante \u00e0 l'ouest du Scorpion est Spica, l'\u00e9toile principale de la Vierge.<\/p>\n\n\n\n<p class=\"has-black-color has-text-color has-link-color wp-elements-16 wp-block-paragraph\">Le lion s'approche d\u00e9j\u00e0 du <strong>horizon ouest<\/strong>. Le cancer est d\u00e9j\u00e0 en train de dispara\u00eetre.<\/p>\n\n\n\n<p class=\"has-black-color has-text-color has-link-color wp-elements-17 wp-block-paragraph\"><strong>Haut au-dessus de nous<\/strong> on peut voir la constellation discr\u00e8te d'Hercule. Un peu plus au sud-ouest, on trouve la constellation de la Couronne bor\u00e9ale, tout aussi insignifiante, et celle de Bootes, qui a d\u00e9j\u00e0 \u00e9t\u00e9 appel\u00e9e \"cornet de glace\" en raison de sa forme.<\/p>\n\n\n\n<p class=\"has-black-color has-text-color has-link-color wp-elements-18 wp-block-paragraph\">Bas sur le <strong>Ciel du nord<\/strong> on trouve le \"W c\u00e9leste\", Cassiop\u00e9e, \u00e9pouse de C\u00e9ph\u00e9e, qui se trouve un peu plus \u00e0 l'ouest.<\/p>\n\n\n\n<p class=\"has-black-color has-text-color has-link-color wp-elements-19 wp-block-paragraph\">La vue du ciel suivante est valable pour le 1er juin \u00e0 0h00, le 15 juin \u00e0 23h00 et le 30 juin \u00e0 22h00.<\/p>\n\n\n<div class=\"wp-block-image\">\n<figure class=\"aligncenter size-large is-resized\"><a href=\"https:\/\/sternwarte-zweibruecken.de\/wp-content\/uploads\/2025\/05\/VdS-Sternkarten_2025_06.jpg\" target=\"_blank\" rel=\" noreferrer noopener\"><img loading=\"lazy\" decoding=\"async\" width=\"1024\" height=\"722\" src=\"https:\/\/sternwarte-zweibruecken.de\/wp-content\/uploads\/2025\/05\/VdS-Sternkarten_2025_06-1024x722.jpg\" alt=\"\" class=\"wp-image-3297\" style=\"aspect-ratio:1.4183126930597671;width:772px;height:auto\" srcset=\"https:\/\/sternwarte-zweibruecken.de\/wp-content\/uploads\/2025\/05\/VdS-Sternkarten_2025_06-1024x722.jpg 1024w, https:\/\/sternwarte-zweibruecken.de\/wp-content\/uploads\/2025\/05\/VdS-Sternkarten_2025_06-300x212.jpg 300w, https:\/\/sternwarte-zweibruecken.de\/wp-content\/uploads\/2025\/05\/VdS-Sternkarten_2025_06-768x541.jpg 768w, https:\/\/sternwarte-zweibruecken.de\/wp-content\/uploads\/2025\/05\/VdS-Sternkarten_2025_06-1536x1083.jpg 1536w, https:\/\/sternwarte-zweibruecken.de\/wp-content\/uploads\/2025\/05\/VdS-Sternkarten_2025_06-18x12.jpg 18w, https:\/\/sternwarte-zweibruecken.de\/wp-content\/uploads\/2025\/05\/VdS-Sternkarten_2025_06.jpg 1600w\" sizes=\"auto, (max-width: 1024px) 100vw, 1024px\" \/><\/a><\/figure>\n<\/div>","protected":false},"excerpt":{"rendered":"<p>Mercure dans le ciel du soir, solstice d'\u00e9t\u00e9En raison des nuits trop courtes, l'observatoire restera ferm\u00e9 la nuit en juin. Il est toutefois pr\u00e9vu d'ouvrir l'observatoire quelques dimanches entre 14h00 et 16h00 pour observer le soleil. Les ...<\/p>","protected":false},"author":7,"featured_media":0,"comment_status":"closed","ping_status":"closed","sticky":false,"template":"","format":"standard","meta":{"footnotes":""},"categories":[38],"tags":[],"class_list":["post-3299","post","type-post","status-publish","format-standard","hentry","category-die-himmelsvorschau"],"_links":{"self":[{"href":"https:\/\/sternwarte-zweibruecken.de\/fr\/wp-json\/wp\/v2\/posts\/3299","targetHints":{"allow":["GET"]}}],"collection":[{"href":"https:\/\/sternwarte-zweibruecken.de\/fr\/wp-json\/wp\/v2\/posts"}],"about":[{"href":"https:\/\/sternwarte-zweibruecken.de\/fr\/wp-json\/wp\/v2\/types\/post"}],"author":[{"embeddable":true,"href":"https:\/\/sternwarte-zweibruecken.de\/fr\/wp-json\/wp\/v2\/users\/7"}],"replies":[{"embeddable":true,"href":"https:\/\/sternwarte-zweibruecken.de\/fr\/wp-json\/wp\/v2\/comments?post=3299"}],"version-history":[{"count":2,"href":"https:\/\/sternwarte-zweibruecken.de\/fr\/wp-json\/wp\/v2\/posts\/3299\/revisions"}],"predecessor-version":[{"id":3301,"href":"https:\/\/sternwarte-zweibruecken.de\/fr\/wp-json\/wp\/v2\/posts\/3299\/revisions\/3301"}],"wp:attachment":[{"href":"https:\/\/sternwarte-zweibruecken.de\/fr\/wp-json\/wp\/v2\/media?parent=3299"}],"wp:term":[{"taxonomy":"category","embeddable":true,"href":"https:\/\/sternwarte-zweibruecken.de\/fr\/wp-json\/wp\/v2\/categories?post=3299"},{"taxonomy":"post_tag","embeddable":true,"href":"https:\/\/sternwarte-zweibruecken.de\/fr\/wp-json\/wp\/v2\/tags?post=3299"}],"curies":[{"name":"wp","href":"https:\/\/api.w.org\/{rel}","templated":true}]}}