{"id":3183,"date":"2025-03-30T09:40:20","date_gmt":"2025-03-30T09:40:20","guid":{"rendered":"https:\/\/sternwarte-zweibruecken.de\/?p=3183"},"modified":"2025-03-30T09:40:21","modified_gmt":"2025-03-30T09:40:21","slug":"le-ciel-etoile-en-avril-2025","status":"publish","type":"post","link":"https:\/\/sternwarte-zweibruecken.de\/fr\/archive\/3183","title":{"rendered":"Le ciel \u00e9toil\u00e9 en avril 2025"},"content":{"rendered":"<p class=\"has-black-color has-text-color has-link-color wp-elements-1 wp-block-paragraph\">Avec l'arriv\u00e9e plus tardive du cr\u00e9puscule, l'ouverture de l'observatoire les vendredis soirs d'avril est d\u00e9cal\u00e9e d'une heure, \u00e0 21h00 - \u00e0 condition que le ciel reste d\u00e9gag\u00e9.<\/p>\n\n\n\n<p class=\"has-black-color has-text-color has-link-color wp-elements-2 wp-block-paragraph\"><strong>SOLEIL ET LUNE<\/strong><\/p>\n\n\n\n<p class=\"has-black-color has-text-color has-link-color wp-elements-3 wp-block-paragraph\">Le premier jour du mois, l'astre central se l\u00e8ve \u00e0 7h04 et se couche \u00e0 20h05 \u00e0 Zweibr\u00fccken. La dur\u00e9e du jour est de 13 heures 1 minute et augmente encore pour atteindre 14 heures 43 minutes \u00e0 la fin du mois. La pleine lune du 13 avril g\u00eanera la vision des objets les moins lumineux.<\/p>\n\n\n<div class=\"wp-block-image\">\n<figure class=\"aligncenter size-full is-resized\"><img loading=\"lazy\" decoding=\"async\" width=\"1024\" height=\"122\" src=\"https:\/\/sternwarte-zweibruecken.de\/wp-content\/uploads\/2025\/03\/VdS-Mondphasen_2025_04-1024x122-1.jpg\" alt=\"\" class=\"wp-image-3180\" style=\"aspect-ratio:8.392831272696421;width:704px;height:auto\" srcset=\"https:\/\/sternwarte-zweibruecken.de\/wp-content\/uploads\/2025\/03\/VdS-Mondphasen_2025_04-1024x122-1.jpg 1024w, https:\/\/sternwarte-zweibruecken.de\/wp-content\/uploads\/2025\/03\/VdS-Mondphasen_2025_04-1024x122-1-300x36.jpg 300w, https:\/\/sternwarte-zweibruecken.de\/wp-content\/uploads\/2025\/03\/VdS-Mondphasen_2025_04-1024x122-1-768x92.jpg 768w, https:\/\/sternwarte-zweibruecken.de\/wp-content\/uploads\/2025\/03\/VdS-Mondphasen_2025_04-1024x122-1-18x2.jpg 18w\" sizes=\"auto, (max-width: 1024px) 100vw, 1024px\" \/><figcaption class=\"wp-element-caption\">Source : <a href=\"http:\/\/www.sternfreunde.de\" target=\"_blank\" rel=\"noreferrer noopener\">VDS<\/a><\/figcaption><\/figure>\n<\/div>\n\n\n<p class=\"has-black-color has-text-color has-link-color wp-elements-4 wp-block-paragraph\"><br>Le 1er avril \u00e0 partir de 22 heures, la Lune croissante se d\u00e9place au-dessus de l'horizon ouest et semble traverser les Pl\u00e9iades. Les Pl\u00e9iades sont visibles sous la forme d'un petit groupe de plusieurs \u00e9toiles ou d'une petite tache brumeuse. Voici la vue du ciel vers 22h30.<\/p>\n\n\n<div class=\"wp-block-image\">\n<figure class=\"aligncenter size-full is-resized\"><a href=\"https:\/\/sternwarte-zweibruecken.de\/wp-content\/uploads\/2025\/03\/20250401-Mond-in-Plejaden.png\" target=\"_blank\" rel=\" noreferrer noopener\"><img loading=\"lazy\" decoding=\"async\" width=\"842\" height=\"613\" src=\"https:\/\/sternwarte-zweibruecken.de\/wp-content\/uploads\/2025\/03\/20250401-Mond-in-Plejaden.png\" alt=\"\" class=\"wp-image-3182\" style=\"aspect-ratio:1.3735644936195173;width:554px;height:auto\" srcset=\"https:\/\/sternwarte-zweibruecken.de\/wp-content\/uploads\/2025\/03\/20250401-Mond-in-Plejaden.png 842w, https:\/\/sternwarte-zweibruecken.de\/wp-content\/uploads\/2025\/03\/20250401-Mond-in-Plejaden-300x218.png 300w, https:\/\/sternwarte-zweibruecken.de\/wp-content\/uploads\/2025\/03\/20250401-Mond-in-Plejaden-768x559.png 768w, https:\/\/sternwarte-zweibruecken.de\/wp-content\/uploads\/2025\/03\/20250401-Mond-in-Plejaden-16x12.png 16w\" sizes=\"auto, (max-width: 842px) 100vw, 842px\" \/><\/a><figcaption class=\"wp-element-caption\">Cr\u00e9\u00e9 avec Guide 9.1<\/figcaption><\/figure>\n<\/div>\n\n\n<p class=\"has-black-color has-text-color has-link-color wp-elements-5 wp-block-paragraph\"><br><strong>PLAN\u00c8TE<\/strong><\/p>\n\n\n\n<p class=\"has-black-color has-text-color has-link-color wp-elements-6 wp-block-paragraph\">Presque toutes les plan\u00e8tes se sont retir\u00e9es du ciel nocturne.<\/p>\n\n\n\n<p class=\"has-black-color has-text-color has-link-color wp-elements-7 wp-block-paragraph\"><strong>Mercure<\/strong> atteint presque sa distance angulaire maximale au Soleil le 21 avril, avec 27,33 degr\u00e9s. Cependant, comme elle se trouve \u00e0 12 degr\u00e9s au sud du zodiaque, elle reste trop basse pour \u00eatre visible le matin.<\/p>\n\n\n\n<p class=\"has-black-color has-text-color has-link-color wp-elements-8 wp-block-paragraph\"><strong>Venus<\/strong> a commenc\u00e9 sa p\u00e9riode d'observation de l'\u00e9toile du matin, on peut la voir dans le t\u00e9lescope comme un mince croissant. Le 15 du mois, elle franchit l'horizon \u00e0 Zweibr\u00fccken \u00e0 5h16 d\u00e9j\u00e0.<\/p>\n\n\n\n<p class=\"has-black-color has-text-color has-link-color wp-elements-9 wp-block-paragraph\">La p\u00e9riode de gloire du<strong> Mars <\/strong>est termin\u00e9e, elle n'est plus tr\u00e8s visible dans le ciel du soir. Dans le t\u00e9lescope, elle appara\u00eet sous la forme d'un petit disque.<\/p>\n\n\n\n<p class=\"has-black-color has-text-color has-link-color wp-elements-10 wp-block-paragraph\"><strong>Jupiter<\/strong> continue de dominer le ciel du soir. Ses heures de coucher continuent d'avancer et sa visibilit\u00e9 du soir se raccourcit en raison de l'allongement des jours. Le 15 du mois, il se couche \u00e0 0h08 et le cr\u00e9puscule civil ne se termine qu'\u00e0 21h38.<\/p>\n\n\n\n<p class=\"has-black-color has-text-color has-link-color wp-elements-11 wp-block-paragraph\"><strong>Saturne <\/strong>\u00e9tait r\u00e9cemment en conjonction avec (apparemment \u00e0 proximit\u00e9) le Soleil. Il n'arrive pas encore \u00e0 s'imposer dans le ciel du matin.<\/p>\n\n\n\n<p class=\"has-black-color has-text-color has-link-color wp-elements-12 wp-block-paragraph\"><strong>Uranus<\/strong> n'est plus un sujet d'observation valable, <strong>Neptune<\/strong> se tient dans le ciel diurne<\/p>\n\n\n\n<p class=\"has-black-color has-text-color has-link-color wp-elements-13 wp-block-paragraph\"><strong>CIEL D'\u00c9TOILE<\/strong><\/p>\n\n\n\n<p class=\"has-black-color has-text-color has-link-color wp-elements-14 wp-block-paragraph\">Les constellations printani\u00e8res sont d\u00e9sormais hautes dans le ciel. Seuls les restes des constellations d'hiver sont encore visibles \u00e0 l'ouest. Au-dessus de nous, on reconna\u00eet le triangle du printemps, compos\u00e9 des \u00e9toiles brillantes Arcturus dans le gardien de l'ours, Spica dans la Vierge et Regulus dans le Lion.<\/p>\n\n\n<div class=\"wp-block-image\">\n<figure class=\"aligncenter size-large is-resized\"><a href=\"https:\/\/sternwarte-zweibruecken.de\/wp-content\/uploads\/2025\/03\/Fruehlingsdreieck.png\" target=\"_blank\" rel=\" noreferrer noopener\"><img loading=\"lazy\" decoding=\"async\" width=\"1024\" height=\"663\" src=\"https:\/\/sternwarte-zweibruecken.de\/wp-content\/uploads\/2025\/03\/Fruehlingsdreieck-1024x663.png\" alt=\"\" class=\"wp-image-3179\" style=\"aspect-ratio:1.5444844079016882;width:572px;height:auto\" srcset=\"https:\/\/sternwarte-zweibruecken.de\/wp-content\/uploads\/2025\/03\/Fruehlingsdreieck-1024x663.png 1024w, https:\/\/sternwarte-zweibruecken.de\/wp-content\/uploads\/2025\/03\/Fruehlingsdreieck-300x194.png 300w, https:\/\/sternwarte-zweibruecken.de\/wp-content\/uploads\/2025\/03\/Fruehlingsdreieck-768x497.png 768w, https:\/\/sternwarte-zweibruecken.de\/wp-content\/uploads\/2025\/03\/Fruehlingsdreieck-18x12.png 18w, https:\/\/sternwarte-zweibruecken.de\/wp-content\/uploads\/2025\/03\/Fruehlingsdreieck.png 1316w\" sizes=\"auto, (max-width: 1024px) 100vw, 1024px\" \/><\/a><figcaption class=\"wp-element-caption\">Cr\u00e9\u00e9 avec Guide 9.1<\/figcaption><\/figure>\n<\/div>\n\n\n<p class=\"has-black-color has-text-color has-link-color wp-elements-15 wp-block-paragraph\"><br>Au fond du <strong>Sud<\/strong> on trouve les constellations discr\u00e8tes de la Coupe et du Corbeau ainsi que, vers le sud et l'ouest, la constellation du Serpent d'eau. Dans la mythologie grecque, Apollon, fils de Zeus, envoya un corbeau avec une coupe chercher de l'eau \u00e0 une source pour une offrande \u00e0 son p\u00e8re. En chemin, le corbeau fut distrait par un figuier dont les fruits n'\u00e9taient cependant pas encore m\u00fbrs. L'oiseau noir a attendu que les fruits soient comestibles, les a mang\u00e9s et n'a accompli sa mission qu'\u00e0 ce moment-l\u00e0. Pour justifier son retard, le corvid\u00e9 s'empara d'un serpent d'eau et pr\u00e9tendit que celui-ci lui avait interdit l'acc\u00e8s \u00e0 la source. Apollon comprit le mensonge et d\u00e9pla\u00e7a le corbeau, la coupe et le serpent d'eau vers le ciel en guise d'avertissement.<\/p>\n\n\n\n<p class=\"has-black-color has-text-color has-link-color wp-elements-16 wp-block-paragraph\">Sur le site <strong>Est<\/strong> un autre h\u00e9ros grec, le constellation d'\u00e9t\u00e9 d'Hercule, se fait d\u00e9j\u00e0 remarquer.<\/p>\n\n\n\n<p class=\"has-black-color has-text-color has-link-color wp-elements-17 wp-block-paragraph\">Haut au <strong>ciel nocturne du nord<\/strong> la constellation de la Grande Ourse.<\/p>\n\n\n\n<p class=\"has-black-color has-text-color has-link-color wp-elements-18 wp-block-paragraph\">La vue du ciel suivante est valable pour le 1er avril \u00e0 0h00, le 15 avril \u00e0 23h00 et le 30 avril \u00e0 22h00.<\/p>\n\n\n<div class=\"wp-block-image\">\n<figure class=\"aligncenter size-full is-resized\"><a href=\"https:\/\/sternwarte-zweibruecken.de\/wp-content\/uploads\/2025\/03\/VdS-Sternkarten_2025_04-1024x722-1.jpg\" target=\"_blank\" rel=\" noreferrer noopener\"><img loading=\"lazy\" decoding=\"async\" width=\"1024\" height=\"722\" src=\"https:\/\/sternwarte-zweibruecken.de\/wp-content\/uploads\/2025\/03\/VdS-Sternkarten_2025_04-1024x722-1.jpg\" alt=\"\" class=\"wp-image-3181\" style=\"aspect-ratio:1.4182650278533284;width:564px;height:auto\" srcset=\"https:\/\/sternwarte-zweibruecken.de\/wp-content\/uploads\/2025\/03\/VdS-Sternkarten_2025_04-1024x722-1.jpg 1024w, https:\/\/sternwarte-zweibruecken.de\/wp-content\/uploads\/2025\/03\/VdS-Sternkarten_2025_04-1024x722-1-300x212.jpg 300w, https:\/\/sternwarte-zweibruecken.de\/wp-content\/uploads\/2025\/03\/VdS-Sternkarten_2025_04-1024x722-1-768x542.jpg 768w, https:\/\/sternwarte-zweibruecken.de\/wp-content\/uploads\/2025\/03\/VdS-Sternkarten_2025_04-1024x722-1-18x12.jpg 18w\" sizes=\"auto, (max-width: 1024px) 100vw, 1024px\" \/><\/a><\/figure>\n<\/div>","protected":false},"excerpt":{"rendered":"<p>Avec l'arriv\u00e9e plus tardive du cr\u00e9puscule, l'ouverture de l'observatoire les vendredis soirs d'avril est d\u00e9cal\u00e9e d'une heure vers 21h00 - \u00e0 condition que le ciel reste d\u00e9gag\u00e9. SOLEIL ET LUNE Le premier...<\/p>","protected":false},"author":7,"featured_media":0,"comment_status":"closed","ping_status":"closed","sticky":false,"template":"","format":"standard","meta":{"footnotes":""},"categories":[38],"tags":[],"class_list":["post-3183","post","type-post","status-publish","format-standard","hentry","category-die-himmelsvorschau"],"_links":{"self":[{"href":"https:\/\/sternwarte-zweibruecken.de\/fr\/wp-json\/wp\/v2\/posts\/3183","targetHints":{"allow":["GET"]}}],"collection":[{"href":"https:\/\/sternwarte-zweibruecken.de\/fr\/wp-json\/wp\/v2\/posts"}],"about":[{"href":"https:\/\/sternwarte-zweibruecken.de\/fr\/wp-json\/wp\/v2\/types\/post"}],"author":[{"embeddable":true,"href":"https:\/\/sternwarte-zweibruecken.de\/fr\/wp-json\/wp\/v2\/users\/7"}],"replies":[{"embeddable":true,"href":"https:\/\/sternwarte-zweibruecken.de\/fr\/wp-json\/wp\/v2\/comments?post=3183"}],"version-history":[{"count":1,"href":"https:\/\/sternwarte-zweibruecken.de\/fr\/wp-json\/wp\/v2\/posts\/3183\/revisions"}],"predecessor-version":[{"id":3184,"href":"https:\/\/sternwarte-zweibruecken.de\/fr\/wp-json\/wp\/v2\/posts\/3183\/revisions\/3184"}],"wp:attachment":[{"href":"https:\/\/sternwarte-zweibruecken.de\/fr\/wp-json\/wp\/v2\/media?parent=3183"}],"wp:term":[{"taxonomy":"category","embeddable":true,"href":"https:\/\/sternwarte-zweibruecken.de\/fr\/wp-json\/wp\/v2\/categories?post=3183"},{"taxonomy":"post_tag","embeddable":true,"href":"https:\/\/sternwarte-zweibruecken.de\/fr\/wp-json\/wp\/v2\/tags?post=3183"}],"curies":[{"name":"wp","href":"https:\/\/api.w.org\/{rel}","templated":true}]}}