{"id":3125,"date":"2025-02-26T19:48:02","date_gmt":"2025-02-26T19:48:02","guid":{"rendered":"https:\/\/sternwarte-zweibruecken.de\/?p=3125"},"modified":"2025-02-26T20:33:53","modified_gmt":"2025-02-26T20:33:53","slug":"le-ciel-etoile-en-mars-2025","status":"publish","type":"post","link":"https:\/\/sternwarte-zweibruecken.de\/fr\/archive\/3125","title":{"rendered":"Le ciel \u00e9toil\u00e9 en mars 2025"},"content":{"rendered":"<p class=\"has-black-color has-text-color has-link-color wp-elements-1 wp-block-paragraph\">En raison des couchers de soleil de plus en plus tardifs, l'observatoire n'ouvre qu'\u00e0 partir de 19 heures le vendredi soir en mars. A condition bien s\u00fbr que le ciel nocturne soit d\u00e9gag\u00e9.<\/p>\n\n\n\n<p class=\"has-black-color has-text-color has-link-color wp-elements-2 wp-block-paragraph\"><strong>Soleil et lune<\/strong><\/p>\n\n\n\n<p class=\"has-black-color has-text-color has-link-color wp-elements-3 wp-block-paragraph\">Le mois de mars nous r\u00e9serve quelques particularit\u00e9s astronomiques, dont une \u00e9clipse partielle de lune sous nos latitudes dans la matin\u00e9e du 14 mars.<\/p>\n\n\n\n<p class=\"has-black-color has-text-color has-link-color wp-elements-4 wp-block-paragraph\">L'entr\u00e9e dans la p\u00e9nombre a lieu \u00e0 4h56, mais elle est difficile \u00e0 observer en raison de la faible diff\u00e9rence de luminosit\u00e9. Le d\u00e9but de la phase partielle est nettement plus visible \u00e0 6h09 - \u00e0 ce moment-l\u00e0, la lune n'est toutefois plus qu'\u00e0 6 degr\u00e9s \u00e0 peine au-dessus de l'horizon ouest. \u00c0 Zweibr\u00fccken, elle se couche d\u00e9j\u00e0 \u00e0 6h55, alors que l'\u00e9clipse totale ne commencerait qu'\u00e0 7h26.<br>Animation depuis la colline de l'observatoire.<\/p>\n\n\n\n<p class=\"wp-block-paragraph\"><\/p>\n\n\n\n<div align=\"center\"><iframe loading=\"lazy\" src=\"https:\/\/sternwarte-zweibruecken.de\/wp-content\/uploads\/2025\/02\/20250214-MoFi.mp4\" title=\"\u00c9clipse partielle de lune le 14.03.2025\" allow=\"accelerometer; clipboard-write; encrypted-media; gyroscope\" allowfullscreen=\"\" width=\"750\" height=\"520\" frameborder=\"0\"><\/iframe><\/div>\n\n\n\n<p class=\"has-text-align-center wp-block-paragraph\">Cr\u00e9\u00e9 avec <a href=\"https:\/\/stellarium.org\/\" target=\"_blank\" rel=\"noreferrer noopener\">Stellarium 23.3<\/a><\/p>\n\n\n\n<p class=\"wp-block-paragraph\"><br><\/p>\n\n\n<div class=\"wp-block-image\">\n<figure class=\"aligncenter size-full is-resized\"><a href=\"https:\/\/sternfreunde.de\/\" target=\"_blank\" rel=\" noreferrer noopener\"><img loading=\"lazy\" decoding=\"async\" width=\"1024\" height=\"122\" src=\"https:\/\/sternwarte-zweibruecken.de\/wp-content\/uploads\/2025\/02\/VdS-Mondphasen_2025_03-1024x122-1.jpg\" alt=\"\" class=\"wp-image-3120\" style=\"width:744px;height:auto\" srcset=\"https:\/\/sternwarte-zweibruecken.de\/wp-content\/uploads\/2025\/02\/VdS-Mondphasen_2025_03-1024x122-1.jpg 1024w, https:\/\/sternwarte-zweibruecken.de\/wp-content\/uploads\/2025\/02\/VdS-Mondphasen_2025_03-1024x122-1-300x36.jpg 300w, https:\/\/sternwarte-zweibruecken.de\/wp-content\/uploads\/2025\/02\/VdS-Mondphasen_2025_03-1024x122-1-768x92.jpg 768w, https:\/\/sternwarte-zweibruecken.de\/wp-content\/uploads\/2025\/02\/VdS-Mondphasen_2025_03-1024x122-1-18x2.jpg 18w\" sizes=\"auto, (max-width: 1024px) 100vw, 1024px\" \/><\/a><figcaption class=\"wp-element-caption\">Source : VDS<\/figcaption><\/figure>\n<\/div>\n\n\n<p class=\"has-black-color has-text-color has-link-color wp-elements-5 wp-block-paragraph\"><br>Le samedi 29 mars, une \u00e9clipse partielle de soleil sera visible pendant toute sa dur\u00e9e.<\/p>\n\n\n\n<p class=\"has-black-color has-text-color has-link-color wp-elements-6 wp-block-paragraph\">\u00c0 cette occasion, l'observatoire ouvrira ses portes \u00e0 10 heures du matin si le ciel est d\u00e9gag\u00e9 ce jour-l\u00e0. \u00c0 Zweibr\u00fccken, la phase partielle commence \u00e0 11h18 et se termine \u00e0 12h59.<br>L'animation suivante du d\u00e9roulement de l'\u00e9clipse a \u00e9galement \u00e9t\u00e9 r\u00e9alis\u00e9e avec Stellarium 23.3<\/p>\n\n\n\n<p class=\"wp-block-paragraph\"><\/p>\n\n\n<div align=\"center\"><iframe loading=\"lazy\" title=\"\u00c9clipse partielle de soleil le 29.03.2025\" src=\"https:\/\/sternwarte-zweibruecken.de\/wp-content\/uploads\/2025\/02\/20250329_SoFi.mp4\" width=\"750\" height=\"520\" frameborder=\"0\" allowfullscreen=\"allowfullscreen\"><\/iframe><\/div>\n\n\n<p class=\"has-black-color has-text-color has-link-color wp-elements-7 wp-block-paragraph\"><br><strong>Plan\u00e8tes<\/strong><\/p>\n\n\n\n<p class=\"has-black-color has-text-color has-link-color wp-elements-8 wp-block-paragraph\"><strong>Mercure<\/strong> offre une visibilit\u00e9 passable dans le ciel du soir occidental pendant la premi\u00e8re moiti\u00e9 du mois, malgr\u00e9 son p\u00e9rih\u00e9lie (proximit\u00e9 maximale du Soleil) le 4 mars.<\/p>\n\n\n\n<p class=\"has-black-color has-text-color has-link-color wp-elements-9 wp-block-paragraph\"><strong>Venus<\/strong> a pass\u00e9 sa meilleure p\u00e9riode en tant qu'\u00e9toile du soir. Elle reste visible jusqu'\u00e0 la mi-mars, voire jusqu'au 20 du mois avec des optiques puissantes. Vers la fin du mois, elle appara\u00eet d\u00e9j\u00e0 dans le ciel du matin.<\/p>\n\n\n\n<p class=\"has-black-color has-text-color has-link-color wp-elements-10 wp-block-paragraph\"><strong>Mars<\/strong> perd nettement en luminosit\u00e9 au cours du mois, mais reste haut dans le ciel du soir. Au t\u00e9lescope, on constate une l\u00e9g\u00e8re baisse de sa luminosit\u00e9 due \u00e0 la phase d'illumination solaire - \u00e0 la fin du mois, elle se r\u00e9duit \u00e0 environ 90 % par rapport \u00e0 sa position d'opposition en janvier. Tout comme la Lune, Mars pr\u00e9sente des phases, car nous l'observons sous diff\u00e9rents angles depuis la Terre. Cependant, ces phases sont beaucoup moins prononc\u00e9es sur Mars que sur la Lune ou les plan\u00e8tes int\u00e9rieures comme V\u00e9nus et Mercure.<\/p>\n\n\n\n<p class=\"has-black-color has-text-color has-link-color wp-elements-11 wp-block-paragraph\"><strong>Jupiter<\/strong> domine la premi\u00e8re partie de la nuit et reste un compagnon remarquable dans le ciel \u00e9toil\u00e9.<\/p>\n\n\n\n<p class=\"has-black-color has-text-color has-link-color wp-elements-12 wp-block-paragraph\"><strong>Saturne<\/strong> s'arr\u00eate avec le soleil dans le ciel diurne, il n'est plus observable. <\/p>\n\n\n\n<p class=\"has-black-color has-text-color has-link-color wp-elements-13 wp-block-paragraph\"><strong>Uranus<\/strong> et <strong>Neptune<\/strong> ne jouent plus un r\u00f4le important pour les observations. Uranus raccourcit consid\u00e9rablement sa visibilit\u00e9 du soir, tandis que Neptune reste dans le ciel diurne et reste invisible.<\/p>\n\n\n\n<p class=\"has-black-color has-text-color has-link-color wp-elements-14 wp-block-paragraph\"><strong>Ciel \u00e9toil\u00e9<\/strong><\/p>\n\n\n\n<p class=\"has-black-color has-text-color has-link-color wp-elements-15 wp-block-paragraph\">Les \u00e9toiles scintillantes du ciel d'hiver se sont d\u00e9j\u00e0 \u00e9loign\u00e9es bien apr\u00e8s le coucher du soleil. <strong>Vestes<\/strong> mais restent encore des points de mire marquants dans le ciel nocturne. Parall\u00e8lement, la transition vers le ciel printanier bat son plein.<\/p>\n\n\n\n<p class=\"has-black-color has-text-color has-link-color wp-elements-16 wp-block-paragraph\">Un regard vers <strong>Nord<\/strong> montre les constellations circumpolaires, visibles toute l'ann\u00e9e. Tout au nord-est se trouve la Grande Ourse avec la c\u00e9l\u00e8bre constellation de la Grande Ourse. Pr\u00e8s d'elle se trouve la Petite Ourse avec l'\u00e9toile polaire, autour de laquelle s'enroule la discr\u00e8te constellation du Dragon. Au nord-ouest, on peut voir Cassiop\u00e9e et C\u00e9ph\u00e9e. Tout juste au-dessus de l'horizon, une \u00e9toile brillante peut \u00eatre observ\u00e9e depuis une position d'observation \u00e9lev\u00e9e : Deneb, l'\u00e9toile principale de la constellation estivale du Cygne.<\/p>\n\n\n\n<p class=\"has-black-color has-text-color has-link-color wp-elements-17 wp-block-paragraph\">Sur le site <strong>Ciel occidental<\/strong> on peut encore apercevoir quelques constellations d'automne, dont Androm\u00e8de, apr\u00e8s le coucher du soleil.<\/p>\n\n\n\n<p class=\"has-black-color has-text-color has-link-color wp-elements-18 wp-block-paragraph\">Sur le site <strong>Sud<\/strong> domine l'impressionnant hexagone hivernal avec ses constellations hivernales marquantes : G\u00e9meaux, Charretier et Taureau. Ce qui est particuli\u00e8rement frappant dans le Taureau, c'est la couleur rouge\u00e2tre d'Ald\u00e9baran, \"l'\u0153il du Taureau\", qui est parfois confondue avec Mars. Chez les Inuits, Ald\u00e9baran s'appelle Nanurjuk et symbolise un ours polaire qui a \u00e9t\u00e9 plac\u00e9 par un groupe de chiens - repr\u00e9sent\u00e9 par les Hyades, un amas d'\u00e9toiles ouvert. Dans la mythologie inuit, les chasseurs qui veulent tuer l'ours polaire sont les trois \u00e9toiles marquantes de la ceinture d'Orion ainsi que le brillant Rigel. Dans la mythologie grecque, Orion est \u00e9galement consid\u00e9r\u00e9 comme un chasseur c\u00e9leste, suivi par les constellations du Grand et du Petit Chien, cette derni\u00e8re avec Sirius, l'\u00e9toile la plus brillante du ciel nocturne. L'objet le plus marquant d'Orion est la c\u00e9l\u00e8bre n\u00e9buleuse d'Orion, une r\u00e9gion active de formation d'\u00e9toiles. Certaines de ses jeunes \u00e9toiles, dont les \u00e9toiles trap\u00e9zo\u00efdales, atteignent des temp\u00e9ratures de surface d'environ 50 000 kelvins.<\/p>\n\n\n\n<p class=\"has-black-color has-text-color has-link-color wp-elements-19 wp-block-paragraph\">Sur le site <strong>Ciel de l'Est<\/strong> la constellation printani\u00e8re du Lion s'\u00e9l\u00e8ve progressivement, suivie de celle de la Vierge dans la deuxi\u00e8me moiti\u00e9 de la nuit. Ces constellations ne d\u00e9ploient toutefois leur pleine splendeur qu'au printemps.<\/p>\n\n\n\n<p class=\"has-black-color has-text-color has-link-color wp-elements-20 wp-block-paragraph\">Le graphique suivant montre la vue du ciel le 15 mars \u00e0 22 heures.<\/p>\n\n\n<div class=\"wp-block-image\">\n<figure class=\"aligncenter size-full is-resized\"><a href=\"https:\/\/sternwarte-zweibruecken.de\/wp-content\/uploads\/2025\/02\/VdS-Sternkarten_2025_03-1024x722-1.jpg\" target=\"_blank\" rel=\" noreferrer noopener\"><img loading=\"lazy\" decoding=\"async\" width=\"1024\" height=\"722\" src=\"https:\/\/sternwarte-zweibruecken.de\/wp-content\/uploads\/2025\/02\/VdS-Sternkarten_2025_03-1024x722-1.jpg\" alt=\"\" class=\"wp-image-3117\" style=\"width:711px;height:auto\" srcset=\"https:\/\/sternwarte-zweibruecken.de\/wp-content\/uploads\/2025\/02\/VdS-Sternkarten_2025_03-1024x722-1.jpg 1024w, https:\/\/sternwarte-zweibruecken.de\/wp-content\/uploads\/2025\/02\/VdS-Sternkarten_2025_03-1024x722-1-300x212.jpg 300w, https:\/\/sternwarte-zweibruecken.de\/wp-content\/uploads\/2025\/02\/VdS-Sternkarten_2025_03-1024x722-1-768x542.jpg 768w, https:\/\/sternwarte-zweibruecken.de\/wp-content\/uploads\/2025\/02\/VdS-Sternkarten_2025_03-1024x722-1-18x12.jpg 18w\" sizes=\"auto, (max-width: 1024px) 100vw, 1024px\" \/><\/a><\/figure>\n<\/div>","protected":false},"excerpt":{"rendered":"<p>En raison des couchers de soleil de plus en plus tardifs, l'observatoire n'ouvre qu'\u00e0 partir de 19 heures le vendredi soir en mars. A condition bien s\u00fbr que le ciel nocturne soit d\u00e9gag\u00e9. Soleil et Lune Le mois de mars nous r\u00e9serve quelques particularit\u00e9s astronomiques, dont...<\/p>","protected":false},"author":7,"featured_media":0,"comment_status":"closed","ping_status":"closed","sticky":false,"template":"","format":"standard","meta":{"footnotes":""},"categories":[38],"tags":[],"class_list":["post-3125","post","type-post","status-publish","format-standard","hentry","category-die-himmelsvorschau"],"_links":{"self":[{"href":"https:\/\/sternwarte-zweibruecken.de\/fr\/wp-json\/wp\/v2\/posts\/3125","targetHints":{"allow":["GET"]}}],"collection":[{"href":"https:\/\/sternwarte-zweibruecken.de\/fr\/wp-json\/wp\/v2\/posts"}],"about":[{"href":"https:\/\/sternwarte-zweibruecken.de\/fr\/wp-json\/wp\/v2\/types\/post"}],"author":[{"embeddable":true,"href":"https:\/\/sternwarte-zweibruecken.de\/fr\/wp-json\/wp\/v2\/users\/7"}],"replies":[{"embeddable":true,"href":"https:\/\/sternwarte-zweibruecken.de\/fr\/wp-json\/wp\/v2\/comments?post=3125"}],"version-history":[{"count":16,"href":"https:\/\/sternwarte-zweibruecken.de\/fr\/wp-json\/wp\/v2\/posts\/3125\/revisions"}],"predecessor-version":[{"id":3142,"href":"https:\/\/sternwarte-zweibruecken.de\/fr\/wp-json\/wp\/v2\/posts\/3125\/revisions\/3142"}],"wp:attachment":[{"href":"https:\/\/sternwarte-zweibruecken.de\/fr\/wp-json\/wp\/v2\/media?parent=3125"}],"wp:term":[{"taxonomy":"category","embeddable":true,"href":"https:\/\/sternwarte-zweibruecken.de\/fr\/wp-json\/wp\/v2\/categories?post=3125"},{"taxonomy":"post_tag","embeddable":true,"href":"https:\/\/sternwarte-zweibruecken.de\/fr\/wp-json\/wp\/v2\/tags?post=3125"}],"curies":[{"name":"wp","href":"https:\/\/api.w.org\/{rel}","templated":true}]}}