{"id":2881,"date":"2024-09-29T14:34:28","date_gmt":"2024-09-29T14:34:28","guid":{"rendered":"https:\/\/sternwarte-zweibruecken.de\/?p=2881"},"modified":"2024-10-14T22:40:24","modified_gmt":"2024-10-14T22:40:24","slug":"le-ciel-etoile-en-octobre-2024","status":"publish","type":"post","link":"https:\/\/sternwarte-zweibruecken.de\/fr\/archive\/2881","title":{"rendered":"Le ciel \u00e9toil\u00e9 en octobre 2024"},"content":{"rendered":"<p class=\"has-black-color has-text-color has-link-color wp-elements-1 wp-block-paragraph\"><strong>Journ\u00e9e de l'astronomie le 19 octobre, com\u00e8te dans le ciel du soir, plan\u00e8te aux anneaux Saturne.<\/strong><\/p>\n\n\n<div class=\"wp-block-image\">\n<figure class=\"aligncenter size-full is-resized\"><img loading=\"lazy\" decoding=\"async\" width=\"820\" height=\"360\" src=\"https:\/\/sternwarte-zweibruecken.de\/wp-content\/uploads\/2024\/09\/VdS_Astronomietag-2024_Banner-Facebook_820x360.jpg\" alt=\"\" class=\"wp-image-2837\" style=\"width:542px;height:auto\" srcset=\"https:\/\/sternwarte-zweibruecken.de\/wp-content\/uploads\/2024\/09\/VdS_Astronomietag-2024_Banner-Facebook_820x360.jpg 820w, https:\/\/sternwarte-zweibruecken.de\/wp-content\/uploads\/2024\/09\/VdS_Astronomietag-2024_Banner-Facebook_820x360-300x132.jpg 300w, https:\/\/sternwarte-zweibruecken.de\/wp-content\/uploads\/2024\/09\/VdS_Astronomietag-2024_Banner-Facebook_820x360-768x337.jpg 768w, https:\/\/sternwarte-zweibruecken.de\/wp-content\/uploads\/2024\/09\/VdS_Astronomietag-2024_Banner-Facebook_820x360-18x8.jpg 18w\" sizes=\"auto, (max-width: 820px) 100vw, 820px\" \/><\/figure>\n<\/div>\n\n\n<p class=\"has-black-color has-text-color has-link-color wp-elements-2 wp-block-paragraph\"><br>La Journ\u00e9e de l'Astronomie a eu lieu pour la premi\u00e8re fois le 23 ao\u00fbt 2003, \u00e0 l'occasion de l'opposition particuli\u00e8rement proche de Mars. Jusqu'au d\u00e9but de l'\u00e9pid\u00e9mie de couronne en 2020, elle avait lieu en mars\/avril. A partir de 2022, elle a \u00e9t\u00e9 plac\u00e9e en automne en raison de la meilleure visibilit\u00e9 des plan\u00e8tes.<\/p>\n\n\n\n<p class=\"has-black-color has-text-color has-link-color wp-elements-3 wp-block-paragraph\">La particularit\u00e9 de cette ann\u00e9e est qu'une com\u00e8te brillante est attendue dans le ciel du soir. Si celle-ci continue \u00e0 \u00e9voluer de la sorte, elle sera \u00e9galement visible \u00e0 l'\u0153il nu. Cependant, il est difficile de pr\u00e9dire la luminosit\u00e9 des com\u00e8tes et c'est pourquoi David H. Levy, un astronome amateur bien connu, a d\u00e9clar\u00e9 que \"les com\u00e8tes sont comme les chats : elles ont des queues et font exactement ce qu'elles veulent\" (\"Comets are like cats : they have tails and do precisely what they want\"). En raison de leur composition peu dense - elles sont \u00e9galement appel\u00e9es \"boules de neige sales\" - les com\u00e8tes se brisent souvent lorsqu'elles s'approchent trop pr\u00e8s du Soleil. C'est ce qui s'est pass\u00e9 avec la com\u00e8te ISON C\/2012 S1. Voici une image en acc\u00e9l\u00e9r\u00e9 de la com\u00e8te avant et apr\u00e8s son approche maximale du Soleil. Les diff\u00e9rents fragments de la com\u00e8te apr\u00e8s son plus grand rapprochement sont bien visibles.<\/p>\n\n\n<div class=\"wp-block-image\">\n<figure class=\"aligncenter size-full is-resized\"><a href=\"https:\/\/sternwarte-zweibruecken.de\/wp-content\/uploads\/2024\/09\/ISON-C2012S1.jpg\" target=\"_blank\" rel=\"noreferrer noopener\"><img loading=\"lazy\" decoding=\"async\" width=\"526\" height=\"532\" src=\"https:\/\/sternwarte-zweibruecken.de\/wp-content\/uploads\/2024\/09\/ISON-C2012S1.jpg\" alt=\"\" class=\"wp-image-2891\" style=\"width:488px;height:auto\" srcset=\"https:\/\/sternwarte-zweibruecken.de\/wp-content\/uploads\/2024\/09\/ISON-C2012S1.jpg 526w, https:\/\/sternwarte-zweibruecken.de\/wp-content\/uploads\/2024\/09\/ISON-C2012S1-297x300.jpg 297w, https:\/\/sternwarte-zweibruecken.de\/wp-content\/uploads\/2024\/09\/ISON-C2012S1-12x12.jpg 12w, https:\/\/sternwarte-zweibruecken.de\/wp-content\/uploads\/2024\/09\/ISON-C2012S1-80x80.jpg 80w\" sizes=\"auto, (max-width: 526px) 100vw, 526px\" \/><\/a><figcaption class=\"wp-element-caption\">Source SOHO (ESA &amp; NASA) : <a href=\"https:\/\/soho.nascom.nasa.gov\/\" target=\"_blank\" rel=\"noreferrer noopener\">https:\/\/soho.nascom.nasa.gov\/<\/a><\/figcaption><\/figure>\n<\/div>\n\n\n<p class=\"has-black-color has-text-color has-link-color wp-elements-4 wp-block-paragraph\"><br>De plus, la plan\u00e8te aux anneaux Saturne est facilement observable dans le ciel du soir. Sa particularit\u00e9 est la faible ouverture de ses anneaux, qui n'est que de quatre degr\u00e9s. En mars 2025, nous regarderons le bord des anneaux pendant quelques semaines. Ils seront alors invisibles.<\/p>\n\n\n\n<p class=\"has-black-color has-text-color has-link-color wp-elements-5 wp-block-paragraph\">\u00c0 partir de ce mois-ci, nous ouvrirons notre observatoire le vendredi soir \u00e0 partir de 20 heures, \u00e0 condition que le ciel nocturne soit d\u00e9gag\u00e9. Le vendredi 18 octobre et le samedi 19 octobre, journ\u00e9e de l'astronomie, nous ouvrirons \u00e0 partir de 20 heures, \u00e0 condition \u00e9galement que le ciel soit d\u00e9gag\u00e9. En outre, deux conf\u00e9rences seront propos\u00e9es les mercredis 16 et 23 octobre \u00e0 l'Audimax de la Hochschule Zweibr\u00fccken. Pour plus de d\u00e9tails, voir le point <a href=\"https:\/\/sternwarte-zweibruecken.de\/fr\/evenements\/\" target=\"_blank\" rel=\"noreferrer noopener\">\u00c9v\u00e9nements<\/a>.<\/p>\n\n\n\n<p class=\"has-black-color has-text-color has-link-color wp-elements-6 wp-block-paragraph\"><strong>Soleil et lune<\/strong><\/p>\n\n\n\n<p class=\"has-black-color has-text-color has-link-color wp-elements-7 wp-block-paragraph\">Le dernier dimanche du mois, cette ann\u00e9e le 29 octobre, les horloges sont recul\u00e9es d'une heure \u00e0 3 heures du matin pour revenir \u00e0 2 heures, l'heure normale de l'Europe centrale.<\/p>\n\n\n\n<p class=\"has-black-color has-text-color has-link-color wp-elements-8 wp-block-paragraph\">La pleine Lune va g\u00eaner l'observation d'objets moins lumineux vers les jours du 17 octobre.<\/p>\n\n\n<div class=\"wp-block-image\">\n<figure class=\"aligncenter size-full is-resized\"><img loading=\"lazy\" decoding=\"async\" width=\"1024\" height=\"119\" src=\"https:\/\/sternwarte-zweibruecken.de\/wp-content\/uploads\/2024\/09\/VdS-Mondphasen_2024-10-1024x119-1.jpg\" alt=\"\" class=\"wp-image-2878\" style=\"width:730px;height:auto\" srcset=\"https:\/\/sternwarte-zweibruecken.de\/wp-content\/uploads\/2024\/09\/VdS-Mondphasen_2024-10-1024x119-1.jpg 1024w, https:\/\/sternwarte-zweibruecken.de\/wp-content\/uploads\/2024\/09\/VdS-Mondphasen_2024-10-1024x119-1-300x35.jpg 300w, https:\/\/sternwarte-zweibruecken.de\/wp-content\/uploads\/2024\/09\/VdS-Mondphasen_2024-10-1024x119-1-768x89.jpg 768w, https:\/\/sternwarte-zweibruecken.de\/wp-content\/uploads\/2024\/09\/VdS-Mondphasen_2024-10-1024x119-1-18x2.jpg 18w\" sizes=\"auto, (max-width: 1024px) 100vw, 1024px\" \/><figcaption class=\"wp-element-caption\">Source : VDS, <a href=\"http:\/\/www.sternfreunde.de\" target=\"_blank\" rel=\"noreferrer noopener\">www.sternfreunde.de<\/a><\/figcaption><\/figure>\n<\/div>\n\n\n<p class=\"has-black-color has-text-color has-link-color wp-elements-9 wp-block-paragraph\"><br><strong>Plan\u00e8tes<\/strong><\/p>\n\n\n\n<p class=\"has-black-color has-text-color has-link-color wp-elements-10 wp-block-paragraph\">La plan\u00e8te la plus int\u00e9rieure<strong> Mercure<\/strong> se tient \u00e0 proximit\u00e9 du Soleil, il ne sera donc pas observable pour nous ce mois-ci.<\/p>\n\n\n\n<p class=\"has-black-color has-text-color has-link-color wp-elements-11 wp-block-paragraph\"><strong>Venus<\/strong> en tant qu'\u00e9toile du soir n'est pas encore tr\u00e8s visible. Apr\u00e8s le coucher du soleil, on peut l'observer profond\u00e9ment au sud-ouest. Le soir du 5 octobre, l'\u00e9troit croissant de Lune passe \u00e0 environ trois degr\u00e9s au sud. Une vue claire de l'horizon est toutefois indispensable.<\/p>\n\n\n\n<p class=\"has-black-color has-text-color has-link-color wp-elements-12 wp-block-paragraph\"><strong>Mars<\/strong> se l\u00e8ve avant minuit. Mais il est encore assez discret.<\/p>\n\n\n\n<div class=\"wp-block-columns are-vertically-aligned-center is-layout-flex wp-container-core-columns-is-layout-8f761849 wp-block-columns-is-layout-flex\">\n<div class=\"wp-block-column is-vertically-aligned-center is-layout-flow wp-block-column-is-layout-flow\" style=\"flex-basis:33.33%\">\n<p class=\"has-black-color has-text-color has-link-color wp-elements-13 wp-block-paragraph\"><strong>Jupiter<\/strong> devient la plan\u00e8te de toute la nuit. Le premier du mois, elle franchit \u00e0 Zweibr\u00fccken \u00e0 22h05 <em>CEST<\/em> l'horizon, le dernier du mois d\u00e9j\u00e0 \u00e0 19:04 <em>MEZ<\/em>. Elle devient ainsi l'astre dominant du ciel nocturne. Les quatre lunes galil\u00e9ennes brillantes Io, Europe, Ganym\u00e8de et Callisto sont d\u00e9j\u00e0 observables avec des jumelles. Pour cela, il est recommand\u00e9 d'utiliser un tr\u00e9pied ou au moins un support stable sur lequel s'appuyer. Il ne sera pas possible de les voir \u00e0 main lev\u00e9e. Un graphique de la position des lunes se trouve sur la page de droite. D\u00e9but d\u00e9cembre, elle sera en opposition au Soleil.<\/p>\n<\/div>\n\n\n\n<div class=\"wp-block-column is-vertically-aligned-center is-layout-flow wp-block-column-is-layout-flow\" style=\"flex-basis:66.66%\">\n<figure class=\"wp-block-image size-full is-resized\"><a href=\"https:\/\/sternwarte-zweibruecken.de\/wp-content\/uploads\/2024\/09\/202410-Jupitermonde.png\" target=\"_blank\" rel=\"noreferrer noopener\"><img loading=\"lazy\" decoding=\"async\" width=\"430\" height=\"540\" src=\"https:\/\/sternwarte-zweibruecken.de\/wp-content\/uploads\/2024\/09\/202410-Jupitermonde.png\" alt=\"\" class=\"wp-image-2880\" style=\"width:349px;height:auto\" srcset=\"https:\/\/sternwarte-zweibruecken.de\/wp-content\/uploads\/2024\/09\/202410-Jupitermonde.png 430w, https:\/\/sternwarte-zweibruecken.de\/wp-content\/uploads\/2024\/09\/202410-Jupitermonde-239x300.png 239w, https:\/\/sternwarte-zweibruecken.de\/wp-content\/uploads\/2024\/09\/202410-Jupitermonde-10x12.png 10w\" sizes=\"auto, (max-width: 430px) 100vw, 430px\" \/><\/a><\/figure>\n<\/div>\n<\/div>\n\n\n\n<p class=\"has-black-color has-text-color has-link-color wp-elements-14 wp-block-paragraph\"><br><strong>Saturne <\/strong>\u00e9tait en opposition au Soleil au d\u00e9but du mois pr\u00e9c\u00e9dent et offre encore une bonne possibilit\u00e9 d'observation dans la premi\u00e8re moiti\u00e9 de la nuit. Apr\u00e8s la tomb\u00e9e de la nuit, on le trouve au d\u00e9but du mois haut \u00e0 l'est, vers la fin du mois en direction du sud. Comme nous l'avons d\u00e9j\u00e0 mentionn\u00e9, l'ouverture de l'anneau n'est que de 4 degr\u00e9s, bien loin du maximum de 27 degr\u00e9s.<\/p>\n\n\n\n<p class=\"has-black-color has-text-color has-link-color wp-elements-15 wp-block-paragraph\"><strong>Uranus<\/strong> et <strong>Neptune<\/strong>Ces deux objets, exclusivement destin\u00e9s aux t\u00e9lescopes, peuvent \u00eatre observ\u00e9s toute la nuit. Il ne faut cependant pas trop en attendre en les regardant \u00e0 travers un t\u00e9lescope, les deux n'ont qu'un diam\u00e8tre apparent de quelques secondes d'arc.<\/p>\n\n\n\n<p class=\"has-black-color has-text-color has-link-color wp-elements-16 wp-block-paragraph\"><strong>Ciel \u00e9toil\u00e9<\/strong><\/p>\n\n\n\n<p class=\"has-black-color has-text-color has-link-color wp-elements-17 wp-block-paragraph\">Le ciel \u00e9toil\u00e9 de l'\u00e9t\u00e9 s'est presque enti\u00e8rement retir\u00e9. Haut \u00e0 l'est, on peut d\u00e9j\u00e0 apercevoir le quadrilat\u00e8re d'automne, le cheval ail\u00e9 P\u00e9gase. Ses origines en tant qu'\u00eatre hybride sont probablement d'origine orientale. Il a souvent \u00e9t\u00e9 repr\u00e9sent\u00e9 dans l'art cr\u00e9tois et d'Asie mineure, et m\u00eame jusqu'au troisi\u00e8me si\u00e8cle apr\u00e8s J\u00e9sus-Christ sur les revers des pi\u00e8ces de monnaie romaines. Un peu plus \u00e0 l'est se trouve un objet d\u00e9j\u00e0 impressionnant aux jumelles, notre galaxie voisine, la n\u00e9buleuse d'Androm\u00e8de, appel\u00e9e M32.<\/p>\n\n\n<div class=\"wp-block-image\">\n<figure class=\"aligncenter size-full is-resized\"><a href=\"https:\/\/sternwarte-zweibruecken.de\/wp-content\/uploads\/2024\/09\/202410-M32.png\" target=\"_blank\" rel=\"noreferrer noopener\"><img loading=\"lazy\" decoding=\"async\" width=\"861\" height=\"705\" src=\"https:\/\/sternwarte-zweibruecken.de\/wp-content\/uploads\/2024\/09\/202410-M32.png\" alt=\"\" class=\"wp-image-2877\" style=\"width:605px;height:auto\" srcset=\"https:\/\/sternwarte-zweibruecken.de\/wp-content\/uploads\/2024\/09\/202410-M32.png 861w, https:\/\/sternwarte-zweibruecken.de\/wp-content\/uploads\/2024\/09\/202410-M32-300x246.png 300w, https:\/\/sternwarte-zweibruecken.de\/wp-content\/uploads\/2024\/09\/202410-M32-768x629.png 768w, https:\/\/sternwarte-zweibruecken.de\/wp-content\/uploads\/2024\/09\/202410-M32-15x12.png 15w\" sizes=\"auto, (max-width: 861px) 100vw, 861px\" \/><\/a><figcaption class=\"wp-element-caption\">Un peu en dessous du centre de l'image, P\u00e9gase, au-dessus \u00e0 gauche, M32.<br>Est \u00e0 gauche, sud en bas<\/figcaption><\/figure>\n<\/div>\n\n\n<p class=\"has-black-color has-text-color has-link-color wp-elements-18 wp-block-paragraph\"><br>Le graphique suivant montre la vue du ciel le 15 octobre \u00e0 23 heures.<\/p>\n\n\n<div class=\"wp-block-image\">\n<figure class=\"aligncenter size-large is-resized\"><a href=\"https:\/\/sternwarte-zweibruecken.de\/wp-content\/uploads\/2024\/09\/VdS-Sternkarte_2024-10.jpg\" target=\"_blank\" rel=\"noreferrer noopener\"><img loading=\"lazy\" decoding=\"async\" width=\"1024\" height=\"722\" src=\"https:\/\/sternwarte-zweibruecken.de\/wp-content\/uploads\/2024\/09\/VdS-Sternkarte_2024-10-1024x722.jpg\" alt=\"\" class=\"wp-image-2879\" style=\"width:592px;height:auto\" srcset=\"https:\/\/sternwarte-zweibruecken.de\/wp-content\/uploads\/2024\/09\/VdS-Sternkarte_2024-10-1024x722.jpg 1024w, https:\/\/sternwarte-zweibruecken.de\/wp-content\/uploads\/2024\/09\/VdS-Sternkarte_2024-10-300x212.jpg 300w, https:\/\/sternwarte-zweibruecken.de\/wp-content\/uploads\/2024\/09\/VdS-Sternkarte_2024-10-768x541.jpg 768w, https:\/\/sternwarte-zweibruecken.de\/wp-content\/uploads\/2024\/09\/VdS-Sternkarte_2024-10-1536x1083.jpg 1536w, https:\/\/sternwarte-zweibruecken.de\/wp-content\/uploads\/2024\/09\/VdS-Sternkarte_2024-10-18x12.jpg 18w, https:\/\/sternwarte-zweibruecken.de\/wp-content\/uploads\/2024\/09\/VdS-Sternkarte_2024-10.jpg 1600w\" sizes=\"auto, (max-width: 1024px) 100vw, 1024px\" \/><\/a><\/figure>\n<\/div>","protected":false},"excerpt":{"rendered":"<p>Journ\u00e9e de l'astronomie le 19 octobre, com\u00e8te dans le ciel du soir, plan\u00e8te aux anneaux Saturne. La Journ\u00e9e de l'Astronomie a eu lieu pour la premi\u00e8re fois le 23 ao\u00fbt 2003 \u00e0 l'occasion de l'opposition particuli\u00e8rement proche de Mars. Jusqu'au d\u00e9but de l'\u00e9pid\u00e9mie de Corona en 2020, il y avait...<\/p>","protected":false},"author":7,"featured_media":0,"comment_status":"closed","ping_status":"closed","sticky":false,"template":"","format":"standard","meta":{"footnotes":""},"categories":[38],"tags":[],"class_list":["post-2881","post","type-post","status-publish","format-standard","hentry","category-die-himmelsvorschau"],"_links":{"self":[{"href":"https:\/\/sternwarte-zweibruecken.de\/fr\/wp-json\/wp\/v2\/posts\/2881","targetHints":{"allow":["GET"]}}],"collection":[{"href":"https:\/\/sternwarte-zweibruecken.de\/fr\/wp-json\/wp\/v2\/posts"}],"about":[{"href":"https:\/\/sternwarte-zweibruecken.de\/fr\/wp-json\/wp\/v2\/types\/post"}],"author":[{"embeddable":true,"href":"https:\/\/sternwarte-zweibruecken.de\/fr\/wp-json\/wp\/v2\/users\/7"}],"replies":[{"embeddable":true,"href":"https:\/\/sternwarte-zweibruecken.de\/fr\/wp-json\/wp\/v2\/comments?post=2881"}],"version-history":[{"count":12,"href":"https:\/\/sternwarte-zweibruecken.de\/fr\/wp-json\/wp\/v2\/posts\/2881\/revisions"}],"predecessor-version":[{"id":2919,"href":"https:\/\/sternwarte-zweibruecken.de\/fr\/wp-json\/wp\/v2\/posts\/2881\/revisions\/2919"}],"wp:attachment":[{"href":"https:\/\/sternwarte-zweibruecken.de\/fr\/wp-json\/wp\/v2\/media?parent=2881"}],"wp:term":[{"taxonomy":"category","embeddable":true,"href":"https:\/\/sternwarte-zweibruecken.de\/fr\/wp-json\/wp\/v2\/categories?post=2881"},{"taxonomy":"post_tag","embeddable":true,"href":"https:\/\/sternwarte-zweibruecken.de\/fr\/wp-json\/wp\/v2\/tags?post=2881"}],"curies":[{"name":"wp","href":"https:\/\/api.w.org\/{rel}","templated":true}]}}