{"id":2811,"date":"2024-08-27T11:23:00","date_gmt":"2024-08-27T11:23:00","guid":{"rendered":"https:\/\/sternwarte-zweibruecken.de\/?p=2811"},"modified":"2024-09-10T23:06:02","modified_gmt":"2024-09-10T23:06:02","slug":"le-ciel-etoile-en-septembre-2024","status":"publish","type":"post","link":"https:\/\/sternwarte-zweibruecken.de\/fr\/archive\/2811","title":{"rendered":"Le ciel \u00e9toil\u00e9 en septembre 2024"},"content":{"rendered":"<p class=\"has-black-color has-text-color has-link-color wp-elements-1 wp-block-paragraph\"><strong>\u00c9clipse partielle de lune, \u00e9quinoxe, Saturne en opposition.<\/strong><br>\u00c0 partir de ce mois-ci, nous ouvrons \u00e0 nouveau notre observatoire le vendredi soir, \u00e0 condition que le ciel nocturne soit d\u00e9gag\u00e9, comme nous l'avons d\u00e9j\u00e0 mentionn\u00e9 \u00e0 plusieurs reprises. En septembre \u00e0 partir de 21 heures, en octobre \u00e0 partir de 20 heures et de novembre \u00e0 f\u00e9vrier \u00e0 partir de 19 heures. En mars et avril, \u00e0 partir de 20 et 21 heures. Ce n'est qu'\u00e0 ces heures que le ciel du soir sera suffisamment sombre pour les observations astronomiques.<\/p>\n\n\n\n<p class=\"has-black-color has-text-color has-link-color wp-elements-2 wp-block-paragraph\"><strong>Soleil et lune<\/strong><\/p>\n\n\n\n<p class=\"has-black-color has-text-color has-link-color wp-elements-3 wp-block-paragraph\">Nous nous dirigeons \u00e0 grands pas vers l'automne. Le 1er septembre, le soleil se couchera \u00e0 20h16 \u00e0 Zweibr\u00fccken, le 30 septembre \u00e0 19h14. Au moment de la <strong>\u00c9quinoxe d'automne<\/strong> le 22 \u00e0 14h22, le soleil franchit l'\u00e9quateur c\u00e9leste en direction du sud, les nuits deviennent \u00e0 nouveau plus longues que les jours. La hauteur maximale du soleil au-dessus de l'horizon est tout de m\u00eame de 40,75 degr\u00e9s chez nous.<\/p>\n\n\n\n<p class=\"has-black-color has-text-color has-link-color wp-elements-4 wp-block-paragraph\">Le 18.9., un incident se produit <strong>\u00e9clipse partielle de lune<\/strong>Elle atteint son apog\u00e9e le matin \u00e0 4h44. L'observation de la Lune se termine \u00e0 4h du matin, mais elle est plut\u00f4t modeste, puisqu'elle ne couvre que 9% de la surface lunaire.<br>Voici une repr\u00e9sentation graphique.<\/p>\n\n\n<div class=\"wp-block-image\">\n<figure class=\"aligncenter size-large is-resized\"><a href=\"https:\/\/sternwarte-zweibruecken.de\/wp-content\/uploads\/2024\/08\/20240918-Partielle-Mondfinsternis.png\" target=\"_blank\" rel=\"noreferrer noopener\"><img loading=\"lazy\" decoding=\"async\" width=\"1024\" height=\"672\" src=\"https:\/\/sternwarte-zweibruecken.de\/wp-content\/uploads\/2024\/08\/20240918-Partielle-Mondfinsternis-1024x672.png\" alt=\"\" class=\"wp-image-2808\" style=\"width:482px;height:auto\" srcset=\"https:\/\/sternwarte-zweibruecken.de\/wp-content\/uploads\/2024\/08\/20240918-Partielle-Mondfinsternis-1024x672.png 1024w, https:\/\/sternwarte-zweibruecken.de\/wp-content\/uploads\/2024\/08\/20240918-Partielle-Mondfinsternis-300x197.png 300w, https:\/\/sternwarte-zweibruecken.de\/wp-content\/uploads\/2024\/08\/20240918-Partielle-Mondfinsternis-768x504.png 768w, https:\/\/sternwarte-zweibruecken.de\/wp-content\/uploads\/2024\/08\/20240918-Partielle-Mondfinsternis-18x12.png 18w, https:\/\/sternwarte-zweibruecken.de\/wp-content\/uploads\/2024\/08\/20240918-Partielle-Mondfinsternis.png 1139w\" sizes=\"auto, (max-width: 1024px) 100vw, 1024px\" \/><\/a><figcaption class=\"wp-element-caption\">Cr\u00e9\u00e9 avec Guide 9.1<\/figcaption><\/figure>\n<\/div>\n\n\n<p class=\"has-black-color has-text-color has-link-color wp-elements-5 wp-block-paragraph\"><br>Ce mois-ci, la pleine Lune va perturber l'observation d'objets moins lumineux vers les jours du 18 septembre.<\/p>\n\n\n<div class=\"wp-block-image\">\n<figure class=\"aligncenter size-full is-resized\"><img loading=\"lazy\" decoding=\"async\" width=\"1024\" height=\"119\" src=\"https:\/\/sternwarte-zweibruecken.de\/wp-content\/uploads\/2024\/08\/VdS-Mondphasen_2024-09-1024x119-1.jpg\" alt=\"\" class=\"wp-image-2810\" style=\"width:721px;height:auto\" srcset=\"https:\/\/sternwarte-zweibruecken.de\/wp-content\/uploads\/2024\/08\/VdS-Mondphasen_2024-09-1024x119-1.jpg 1024w, https:\/\/sternwarte-zweibruecken.de\/wp-content\/uploads\/2024\/08\/VdS-Mondphasen_2024-09-1024x119-1-300x35.jpg 300w, https:\/\/sternwarte-zweibruecken.de\/wp-content\/uploads\/2024\/08\/VdS-Mondphasen_2024-09-1024x119-1-768x89.jpg 768w, https:\/\/sternwarte-zweibruecken.de\/wp-content\/uploads\/2024\/08\/VdS-Mondphasen_2024-09-1024x119-1-18x2.jpg 18w\" sizes=\"auto, (max-width: 1024px) 100vw, 1024px\" \/><figcaption class=\"wp-element-caption\">Source : VDS, <a href=\"http:\/\/www.sternfreunde.de\" target=\"_blank\" rel=\"noreferrer noopener\">www.sternfreunde.de<\/a><\/figcaption><\/figure>\n<\/div>\n\n\n<p class=\"has-black-color has-text-color has-link-color wp-elements-6 wp-block-paragraph\"><br><strong>Plan\u00e8tes<\/strong><\/p>\n\n\n\n<p class=\"has-black-color has-text-color has-link-color wp-elements-7 wp-block-paragraph\"><strong>Mercure<\/strong> offre une possibilit\u00e9 d'observation acceptable dans le ciel matinal du premier tiers du mois. Elle est visible environ une demi-heure avant le lever du soleil \u00e0 l'horizon est-nord-est.<\/p>\n\n\n\n<p class=\"has-black-color has-text-color has-link-color wp-elements-8 wp-block-paragraph\"><strong>Venus<\/strong> ne s'impose que lentement dans le ciel du soir, en raison de sa d\u00e9clinaison descendante (hauteur au-dessus de l'\u00e9quateur c\u00e9leste de 40,75 degr\u00e9s \u00e0 Zweibr\u00fccken). Au milieu du mois, il se couche \u00e0 20h38. Le soleil se couche \u00e0 19h46. Le 5 septembre, il est possible d'observer le petit croissant de lune juste \u00e0 c\u00f4t\u00e9 de V\u00e9nus.<\/p>\n\n\n\n<p class=\"has-black-color has-text-color has-link-color wp-elements-9 wp-block-paragraph\"><strong>Mars<\/strong> continue d'avancer ses levers, mais reste un objet de la deuxi\u00e8me partie de la nuit. Il n'atteindra son apog\u00e9e que l'ann\u00e9e prochaine.<\/p>\n\n\n\n<p class=\"has-black-color has-text-color has-link-color wp-elements-10 wp-block-paragraph\">Le lever du<strong> Jupiter<\/strong> a lieu avant minuit. Le 15 septembre, il se l\u00e8ve au-dessus de l'horizon \u00e0 23h09. L\u00e0 aussi, il faudra encore patienter un peu, il ne sera en opposition avec le Soleil que d\u00e9but novembre.<\/p>\n\n\n\n<p class=\"has-black-color has-text-color has-link-color wp-elements-11 wp-block-paragraph\">Le 8.9. se trouve <strong>Saturne en opposition au Soleil<\/strong>. Elle se trouve d\u00e9j\u00e0 au-dessus de l'horizon est \u00e0 la tomb\u00e9e de la nuit.<br>En regardant dans un t\u00e9lescope, nous remarquons imm\u00e9diatement l'\u00e9troitesse de l'anneau. Presque aucune trace du magnifique anneau que nous avons vu sur les photographies et les observations de ces derni\u00e8res ann\u00e9es.<br>L'ouverture maximale de l'anneau peut atteindre 27 degr\u00e9s, mais nous regardons son bord tous les 14,75 ans. Ce sera le cas en mars 2025 pendant quelques semaines. L'\u00e9paisseur de l'anneau n'est que de quelques centaines de m\u00e8tres. Il n'est donc pas visible depuis la Terre.<br>Funfact : Si nous pouvions fabriquer une lame de rasoir avec la surface des anneaux, les anneaux seraient clairement \"plus tranchants\".<\/p>\n\n\n\n<p class=\"has-black-color has-text-color has-link-color wp-elements-12 wp-block-paragraph\"><strong>Uranus<\/strong> est certes visible \u00e0 l'\u0153il nu dans les meilleures conditions, et aurait donc d\u00e9j\u00e0 pu \u00eatre per\u00e7ue par les Grecs anciens. Cependant, elle n'a \u00e9t\u00e9 d\u00e9couverte que le 13 mars 1781 par l'astronome germano-britannique Wilhelm (William) Herschel. Le lever d'Uranus a lieu le soir et son opposition \u00e0 la mi-novembre.<\/p>\n\n\n\n<p class=\"has-black-color has-text-color has-link-color wp-elements-13 wp-block-paragraph\"><strong>Neptune<\/strong> est grossi\u00e8rement align\u00e9e avec la Terre et le Soleil (position d'opposition) dans la nuit du 20 au 21 septembre. \u00c0 ce moment-l\u00e0, sa distance est de 4,322 milliards de kilom\u00e8tres, ce qui correspond \u00e0 environ 29,89 unit\u00e9s astronomiques (distance moyenne Terre-Soleil). C'est un pur objet pour les t\u00e9lescopes.<\/p>\n\n\n\n<p class=\"has-black-color has-text-color has-link-color wp-elements-14 wp-block-paragraph\"><strong>Ciel \u00e9toil\u00e9<\/strong><\/p>\n\n\n\n<p class=\"has-black-color has-text-color has-link-color wp-elements-15 wp-block-paragraph\">Le triangle d'\u00e9t\u00e9 s'est d\u00e9j\u00e0 sensiblement d\u00e9plac\u00e9 vers l'ouest. Dans le ciel oriental, le quadrilat\u00e8re d'automne, compos\u00e9 de quatre \u00e9toiles brillantes de P\u00e9gase, se fait d\u00e9j\u00e0 remarquer. Dans les r\u00e9gions plus sombres, on peut encore apercevoir la bande scintillante de la Voie lact\u00e9e au-dessus de nous, un peu \u00e0 l'ouest, les nuits sans lune. Parfois aussi depuis l'observatoire.<\/p>\n\n\n\n<p class=\"has-black-color has-text-color has-link-color wp-elements-16 wp-block-paragraph\">Un objet pour les jumelles est le magnifique amas globulaire M13 dans la faible luminosit\u00e9 d'Hercule, qui est encore visible le soir dans le ciel occidental ce mois-ci. Il se trouve entre les constellations du Cygne et du Bearhound ou Bootes, proche de l'horizon.<\/p>\n\n\n<div class=\"wp-block-image\">\n<figure class=\"aligncenter size-large is-resized\"><a href=\"https:\/\/sternwarte-zweibruecken.de\/wp-content\/uploads\/2023\/08\/Position-M13.png\" target=\"_blank\" rel=\"noreferrer noopener\"><img loading=\"lazy\" decoding=\"async\" width=\"1024\" height=\"531\" src=\"https:\/\/sternwarte-zweibruecken.de\/wp-content\/uploads\/2023\/08\/Position-M13-1024x531.png\" alt=\"\" class=\"wp-image-2125\" style=\"width:705px;height:auto\" srcset=\"https:\/\/sternwarte-zweibruecken.de\/wp-content\/uploads\/2023\/08\/Position-M13-1024x531.png 1024w, https:\/\/sternwarte-zweibruecken.de\/wp-content\/uploads\/2023\/08\/Position-M13-300x156.png 300w, https:\/\/sternwarte-zweibruecken.de\/wp-content\/uploads\/2023\/08\/Position-M13-768x398.png 768w, https:\/\/sternwarte-zweibruecken.de\/wp-content\/uploads\/2023\/08\/Position-M13.png 1170w\" sizes=\"auto, (max-width: 1024px) 100vw, 1024px\" \/><\/a><figcaption class=\"wp-element-caption\">Position M13, ouest droite - Cr\u00e9\u00e9 avec Guide 9.1<\/figcaption><\/figure>\n<\/div>\n\n\n<p class=\"has-black-color has-text-color has-link-color wp-elements-17 wp-block-paragraph\"><br>Le graphique suivant montre la vue du ciel le 15 septembre \u00e0 23 heures.<\/p>\n\n\n<div class=\"wp-block-image\">\n<figure class=\"aligncenter size-large is-resized\"><a href=\"https:\/\/sternwarte-zweibruecken.de\/wp-content\/uploads\/2024\/08\/VdS-Sternkarte_2024-09.jpg\" target=\"_blank\" rel=\"noreferrer noopener\"><img loading=\"lazy\" decoding=\"async\" width=\"1024\" height=\"722\" src=\"https:\/\/sternwarte-zweibruecken.de\/wp-content\/uploads\/2024\/08\/VdS-Sternkarte_2024-09-1024x722.jpg\" alt=\"\" class=\"wp-image-2809\" style=\"width:706px;height:auto\" srcset=\"https:\/\/sternwarte-zweibruecken.de\/wp-content\/uploads\/2024\/08\/VdS-Sternkarte_2024-09-1024x722.jpg 1024w, https:\/\/sternwarte-zweibruecken.de\/wp-content\/uploads\/2024\/08\/VdS-Sternkarte_2024-09-300x212.jpg 300w, https:\/\/sternwarte-zweibruecken.de\/wp-content\/uploads\/2024\/08\/VdS-Sternkarte_2024-09-768x541.jpg 768w, https:\/\/sternwarte-zweibruecken.de\/wp-content\/uploads\/2024\/08\/VdS-Sternkarte_2024-09-1536x1083.jpg 1536w, https:\/\/sternwarte-zweibruecken.de\/wp-content\/uploads\/2024\/08\/VdS-Sternkarte_2024-09-18x12.jpg 18w, https:\/\/sternwarte-zweibruecken.de\/wp-content\/uploads\/2024\/08\/VdS-Sternkarte_2024-09.jpg 1600w\" sizes=\"auto, (max-width: 1024px) 100vw, 1024px\" \/><\/a><\/figure>\n<\/div>","protected":false},"excerpt":{"rendered":"<p>A partir de ce mois, nous ouvrons \u00e0 nouveau notre observatoire le vendredi soir, \u00e0 condition que le ciel nocturne soit clair, comme nous l'avons d\u00e9j\u00e0 mentionn\u00e9 \u00e0 plusieurs reprises. En septembre \u00e0 partir de 21 heures, en octobre \u00e0 partir de 20 heures et en novembre...<\/p>","protected":false},"author":7,"featured_media":0,"comment_status":"closed","ping_status":"closed","sticky":false,"template":"","format":"standard","meta":{"footnotes":""},"categories":[38],"tags":[],"class_list":["post-2811","post","type-post","status-publish","format-standard","hentry","category-die-himmelsvorschau"],"_links":{"self":[{"href":"https:\/\/sternwarte-zweibruecken.de\/fr\/wp-json\/wp\/v2\/posts\/2811","targetHints":{"allow":["GET"]}}],"collection":[{"href":"https:\/\/sternwarte-zweibruecken.de\/fr\/wp-json\/wp\/v2\/posts"}],"about":[{"href":"https:\/\/sternwarte-zweibruecken.de\/fr\/wp-json\/wp\/v2\/types\/post"}],"author":[{"embeddable":true,"href":"https:\/\/sternwarte-zweibruecken.de\/fr\/wp-json\/wp\/v2\/users\/7"}],"replies":[{"embeddable":true,"href":"https:\/\/sternwarte-zweibruecken.de\/fr\/wp-json\/wp\/v2\/comments?post=2811"}],"version-history":[{"count":4,"href":"https:\/\/sternwarte-zweibruecken.de\/fr\/wp-json\/wp\/v2\/posts\/2811\/revisions"}],"predecessor-version":[{"id":2864,"href":"https:\/\/sternwarte-zweibruecken.de\/fr\/wp-json\/wp\/v2\/posts\/2811\/revisions\/2864"}],"wp:attachment":[{"href":"https:\/\/sternwarte-zweibruecken.de\/fr\/wp-json\/wp\/v2\/media?parent=2811"}],"wp:term":[{"taxonomy":"category","embeddable":true,"href":"https:\/\/sternwarte-zweibruecken.de\/fr\/wp-json\/wp\/v2\/categories?post=2811"},{"taxonomy":"post_tag","embeddable":true,"href":"https:\/\/sternwarte-zweibruecken.de\/fr\/wp-json\/wp\/v2\/tags?post=2811"}],"curies":[{"name":"wp","href":"https:\/\/api.w.org\/{rel}","templated":true}]}}