{"id":2791,"date":"2024-07-27T11:50:51","date_gmt":"2024-07-27T11:50:51","guid":{"rendered":"https:\/\/sternwarte-zweibruecken.de\/?p=2791"},"modified":"2024-07-27T23:19:58","modified_gmt":"2024-07-27T23:19:58","slug":"le-ciel-etoile-en-aout-2024","status":"publish","type":"post","link":"https:\/\/sternwarte-zweibruecken.de\/fr\/archive\/2791","title":{"rendered":"Le ciel \u00e9toil\u00e9 en ao\u00fbt 2024"},"content":{"rendered":"<p class=\"has-black-color has-text-color has-link-color wp-elements-1 wp-block-paragraph\"><strong>Pers\u00e9ides et occultation de Saturne :<\/strong> Chaque ann\u00e9e, au mois d'ao\u00fbt, on peut observer d'innombrables \u00e9toiles filantes, les Pers\u00e9ides. Elles tirent leur nom de leur origine en direction de la constellation de Pers\u00e9e, qui s'\u00e9l\u00e8ve lentement au-dessus de l'horizon est au cours du mois. Cette ann\u00e9e, le maximum avec jusqu'\u00e0 25 \u00e9cailles d'\u00e9toiles par heure est attendu entre le soir du 12 ao\u00fbt et le matin du 13 ao\u00fbt. Il n'est pas rare de voir ce que l'on appelle des boules de feu ou des bolides d'une luminosit\u00e9 comparable \u00e0 celle des \u00e9toiles les plus brillantes. Les Pers\u00e9ides proviennent d'un nuage de particules de poussi\u00e8re laiss\u00e9 par la com\u00e8te Swift-Tuttle, d\u00e9couverte en juillet 1862, au cours de son voyage de 133 ans autour du soleil.<\/p>\n\n\n\n<p class=\"has-black-color has-text-color has-link-color wp-elements-2 wp-block-paragraph\"><strong>A l'occasion du maximum des Pers\u00e9ides, notre observatoire ouvrira ses portes, si le temps le permet, le vendredi 9 ao\u00fbt, le samedi 10 ao\u00fbt et le dimanche 11 ao\u00fbt \u00e0 partir de 21 heures. Voir aussi le point <a href=\"https:\/\/sternwarte-zweibruecken.de\/fr\/evenements\/\" target=\"_blank\" rel=\"noreferrer noopener\">\u00c9v\u00e9nements<\/a>.<\/strong><\/p>\n\n\n\n<p class=\"has-black-color has-text-color has-link-color wp-elements-3 wp-block-paragraph\">En tant que m\u00e9t\u00e9ore<strong>d<\/strong>Les m\u00e9t\u00e9ores sont de petits objets dans l'espace qui se forment par exemple \u00e0 la suite de collisions d'ast\u00e9ro\u00efdes ou d'\u00e9ruptions de com\u00e8tes. Lorsqu'ils p\u00e9n\u00e8trent dans l'atmosph\u00e8re terrestre, ils deviennent des m\u00e9t\u00e9ores ou des \u00e9toiles filantes. Lorsqu'ils atteignent la surface de la Terre, ils sont appel\u00e9s m\u00e9t\u00e9ores.<strong>t<\/strong>e. Des m\u00e9t\u00e9orites provenant de la Lune et de Mars ont \u00e9galement d\u00e9j\u00e0 \u00e9t\u00e9 d\u00e9tect\u00e9es. Il y a un peu plus d'un an, une chute de m\u00e9t\u00e9orite a eu lieu \u00e0 Elmshorn, voir <a href=\"https:\/\/de.wikipedia.org\/wiki\/Elmshorn_(Meteorit)\" target=\"_blank\" rel=\"noreferrer noopener\">Elmshorn (m\u00e9t\u00e9orite) - Wikipedia<\/a>.<\/p>\n\n\n\n<p class=\"has-black-color has-text-color has-link-color wp-elements-4 wp-block-paragraph\"><strong>SOLEIL ET LUNE<\/strong><\/p>\n\n\n\n<p class=\"has-black-color has-text-color has-link-color wp-elements-5 wp-block-paragraph\">Comme chaque ann\u00e9e, le mois d'ao\u00fbt nous offre le plus beau ciel \u00e9toil\u00e9 de l'\u00e9t\u00e9. Les couchers de soleil \u00e0 Zweibr\u00fccken continuent d'avancer, passant de 21h08 au d\u00e9but du mois \u00e0 20h13 le 31.<br>Au moment du maximum des Pers\u00e9ides, la lune est dans son premier quartier. D\u00e9j\u00e0 assez basse, elle quitte la sc\u00e8ne c\u00e9leste vers 23h34, le cr\u00e9puscule astronomique se terminant \u00e0 23h05. Les conditions sont donc plut\u00f4t bonnes, pour autant que le temps soit de la partie.<\/p>\n\n\n<div class=\"wp-block-image\">\n<figure class=\"aligncenter size-full is-resized\"><img loading=\"lazy\" decoding=\"async\" width=\"1024\" height=\"119\" src=\"https:\/\/sternwarte-zweibruecken.de\/wp-content\/uploads\/2024\/07\/VdS-Mondphasen_2024-08-1024x119-1.jpg\" alt=\"\" class=\"wp-image-2789\" style=\"width:776px;height:auto\" srcset=\"https:\/\/sternwarte-zweibruecken.de\/wp-content\/uploads\/2024\/07\/VdS-Mondphasen_2024-08-1024x119-1.jpg 1024w, https:\/\/sternwarte-zweibruecken.de\/wp-content\/uploads\/2024\/07\/VdS-Mondphasen_2024-08-1024x119-1-300x35.jpg 300w, https:\/\/sternwarte-zweibruecken.de\/wp-content\/uploads\/2024\/07\/VdS-Mondphasen_2024-08-1024x119-1-768x89.jpg 768w, https:\/\/sternwarte-zweibruecken.de\/wp-content\/uploads\/2024\/07\/VdS-Mondphasen_2024-08-1024x119-1-18x2.jpg 18w\" sizes=\"auto, (max-width: 1024px) 100vw, 1024px\" \/><figcaption class=\"wp-element-caption\">Source : VDS, <a href=\"http:\/\/www.sternfreunde.de\" target=\"_blank\" rel=\"noreferrer noopener\">www.sternfreunde.de<\/a><\/figcaption><\/figure>\n<\/div>\n\n\n<p class=\"has-black-color has-text-color has-link-color wp-elements-6 wp-block-paragraph\"><br><strong>PLAN\u00c8TE<\/strong><\/p>\n\n\n\n<p class=\"has-black-color has-text-color has-link-color wp-elements-7 wp-block-paragraph\">La plan\u00e8te qui se d\u00e9place rapidement dans le ciel <strong>Mercure<\/strong> ne peut pas se lib\u00e9rer des rayons du Soleil en ao\u00fbt, elle reste inobservable pour nous. M\u00eame la rencontre avec V\u00e9nus le 6 du mois nous reste cach\u00e9e pour cette raison.<\/p>\n\n\n\n<p class=\"has-black-color has-text-color has-link-color wp-elements-8 wp-block-paragraph\">L'\u00e9clairage encore presque complet<strong> Disque de V\u00e9nus<\/strong> avec un diam\u00e8tre de seulement 10 secondes d'arc environ, ne se fait remarquer que progressivement dans le ciel du soir. La raison en est que la d\u00e9clinaison de V\u00e9nus, et donc son arc diurne, diminue chaque jour et qu'elle se couche donc de plus en plus t\u00f4t au cours du mois. Cependant, les couchers du Soleil sont \u00e9galement plus pr\u00e9coces.<\/p>\n\n\n\n<p class=\"has-black-color has-text-color has-link-color wp-elements-9 wp-block-paragraph\"><strong>Mars<\/strong> et <strong>Jupiter<\/strong> dominent la deuxi\u00e8me partie de la nuit. Dans la nuit du 15, Mars passe \u00e0 environ 0,3 degr\u00e9 au nord de Jupiter.<\/p>\n\n\n\n<p class=\"has-black-color has-text-color has-link-color wp-elements-10 wp-block-paragraph\"><strong>Saturne<\/strong> est, avec les Pers\u00e9ides, l'un des points forts de ce mois. Certes, il n'atteint sa position d'opposition qu'\u00e0 la fin du premier tiers de septembre, mais le 21 du mois, il se produit une <strong>rare occultation de Saturne par la lune<\/strong>. L'occultation commence \u00e0 Zweibr\u00fccken le matin \u00e0 5h30, lorsque le cr\u00e9puscule nautique a d\u00e9j\u00e0 commenc\u00e9. En voici une repr\u00e9sentation graphique :<\/p>\n\n\n<div class=\"wp-block-image\">\n<figure class=\"aligncenter size-large is-resized\"><a href=\"https:\/\/sternwarte-zweibruecken.de\/wp-content\/uploads\/2024\/07\/20240821-Saturnbedeckung.png\" target=\"_blank\" rel=\"noreferrer noopener\"><img loading=\"lazy\" decoding=\"async\" width=\"1024\" height=\"629\" src=\"https:\/\/sternwarte-zweibruecken.de\/wp-content\/uploads\/2024\/07\/20240821-Saturnbedeckung-1024x629.png\" alt=\"\" class=\"wp-image-2787\" style=\"width:746px;height:auto\" srcset=\"https:\/\/sternwarte-zweibruecken.de\/wp-content\/uploads\/2024\/07\/20240821-Saturnbedeckung-1024x629.png 1024w, https:\/\/sternwarte-zweibruecken.de\/wp-content\/uploads\/2024\/07\/20240821-Saturnbedeckung-300x184.png 300w, https:\/\/sternwarte-zweibruecken.de\/wp-content\/uploads\/2024\/07\/20240821-Saturnbedeckung-768x472.png 768w, https:\/\/sternwarte-zweibruecken.de\/wp-content\/uploads\/2024\/07\/20240821-Saturnbedeckung-18x12.png 18w, https:\/\/sternwarte-zweibruecken.de\/wp-content\/uploads\/2024\/07\/20240821-Saturnbedeckung.png 1425w\" sizes=\"auto, (max-width: 1024px) 100vw, 1024px\" \/><\/a><figcaption class=\"wp-element-caption\">21.08.2024 5:28, cr\u00e9\u00e9 avec Guide 9.1<\/figcaption><\/figure>\n<\/div>\n\n\n<p class=\"has-black-color has-text-color has-link-color wp-elements-11 wp-block-paragraph\"><br><strong>Uranus<\/strong> n'est visible qu'\u00e0 l'aide d'un t\u00e9lescope dans le ciel du matin.<\/p>\n\n\n\n<p class=\"has-black-color has-text-color has-link-color wp-elements-12 wp-block-paragraph\"><strong>Neptune<\/strong> s'approche de sa position d'opposition, qu'elle n'atteindra toutefois qu'au dernier tiers de septembre. Un t\u00e9lescope est n\u00e9cessaire pour l'observer.<\/p>\n\n\n\n<p class=\"has-black-color has-text-color has-link-color wp-elements-13 wp-block-paragraph\"><strong>CIEL D'\u00c9TOILE<\/strong><\/p>\n\n\n\n<p class=\"has-black-color has-text-color has-link-color wp-elements-14 wp-block-paragraph\">Le mois d'ao\u00fbt est le mois par excellence o\u00f9 le ciel \u00e9toil\u00e9 est le plus beau en \u00e9t\u00e9.<\/p>\n\n\n\n<p class=\"has-black-color has-text-color has-link-color wp-elements-15 wp-block-paragraph\"><strong>\u00c0 propos de nous<\/strong> dans les r\u00e9gions moins expos\u00e9es \u00e0 la lumi\u00e8re, la bande de la Voie lact\u00e9e avec ses innombrables \u00e9toiles et le triangle d'\u00e9t\u00e9 se montre d\u00e9sormais dans toute sa splendeur.<\/p>\n\n\n\n<p class=\"has-black-color has-text-color has-link-color wp-elements-16 wp-block-paragraph\">Ce mois-ci, il n'y a pas de description d\u00e9taill\u00e9e du ciel \u00e9toil\u00e9, celui-ci peut encore \u00eatre <a href=\"https:\/\/sternwarte-zweibruecken.de\/fr\/archive\/2762\/\" target=\"_blank\" rel=\"noreferrer noopener\">Juillet<\/a> ou le <a href=\"https:\/\/sternwarte-zweibruecken.de\/fr\/archive\/2062\/\" target=\"_blank\" rel=\"noreferrer noopener\">Ao\u00fbt<\/a> de l'ann\u00e9e derni\u00e8re. Au lieu de cela, une invitation \u00e0 s'allonger sur une pelouse avec une chaise longue ou une couverture et des jumelles et \u00e0 profiter du ciel nocturne estival. Vous pouvez aussi vous installer devant notre observatoire. Si celui-ci est ouvert malgr\u00e9 la pause estivale, n'h\u00e9sitez pas \u00e0 nous rendre visite. N'oubliez pas de prendre une veste, il peut faire tr\u00e8s frais la nuit.<\/p>\n\n\n\n<p class=\"has-black-color has-text-color has-link-color wp-elements-17 wp-block-paragraph\">Voici le trac\u00e9 de la Voie lact\u00e9e le 15 ao\u00fbt \u00e0 0h00 de chaque ann\u00e9e. L'est est \u00e0 gauche, le sud est en bas.<\/p>\n\n\n<div class=\"wp-block-image\">\n<figure class=\"aligncenter size-large is-resized\"><a href=\"https:\/\/sternwarte-zweibruecken.de\/wp-content\/uploads\/2024\/07\/Milchstrasse-20240815.png\" target=\"_blank\" rel=\"noreferrer noopener\"><img loading=\"lazy\" decoding=\"async\" width=\"1024\" height=\"729\" src=\"https:\/\/sternwarte-zweibruecken.de\/wp-content\/uploads\/2024\/07\/Milchstrasse-20240815-1024x729.png\" alt=\"\" class=\"wp-image-2788\" style=\"width:721px;height:auto\" srcset=\"https:\/\/sternwarte-zweibruecken.de\/wp-content\/uploads\/2024\/07\/Milchstrasse-20240815-1024x729.png 1024w, https:\/\/sternwarte-zweibruecken.de\/wp-content\/uploads\/2024\/07\/Milchstrasse-20240815-300x214.png 300w, https:\/\/sternwarte-zweibruecken.de\/wp-content\/uploads\/2024\/07\/Milchstrasse-20240815-768x547.png 768w, https:\/\/sternwarte-zweibruecken.de\/wp-content\/uploads\/2024\/07\/Milchstrasse-20240815-18x12.png 18w, https:\/\/sternwarte-zweibruecken.de\/wp-content\/uploads\/2024\/07\/Milchstrasse-20240815.png 1446w\" sizes=\"auto, (max-width: 1024px) 100vw, 1024px\" \/><\/a><\/figure>\n<\/div>\n\n\n<p class=\"has-black-color has-text-color has-link-color wp-elements-18 wp-block-paragraph\"><br>La vue du ciel suivante est valable pour le 1er ao\u00fbt \u00e0 0:00, le 15 ao\u00fbt \u00e0 23:00 et le 30 ao\u00fbt \u00e0 22:00.<\/p>\n\n\n<div class=\"wp-block-image\">\n<figure class=\"aligncenter size-large is-resized\"><a href=\"https:\/\/sternwarte-zweibruecken.de\/wp-content\/uploads\/2024\/07\/VdS-Sternkarte_2024-08.jpg\" target=\"_blank\" rel=\"noreferrer noopener\"><img loading=\"lazy\" decoding=\"async\" width=\"1024\" height=\"732\" src=\"https:\/\/sternwarte-zweibruecken.de\/wp-content\/uploads\/2024\/07\/VdS-Sternkarte_2024-08-1024x732.jpg\" alt=\"\" class=\"wp-image-2790\" style=\"width:734px;height:auto\" srcset=\"https:\/\/sternwarte-zweibruecken.de\/wp-content\/uploads\/2024\/07\/VdS-Sternkarte_2024-08-1024x732.jpg 1024w, https:\/\/sternwarte-zweibruecken.de\/wp-content\/uploads\/2024\/07\/VdS-Sternkarte_2024-08-300x214.jpg 300w, https:\/\/sternwarte-zweibruecken.de\/wp-content\/uploads\/2024\/07\/VdS-Sternkarte_2024-08-768x549.jpg 768w, https:\/\/sternwarte-zweibruecken.de\/wp-content\/uploads\/2024\/07\/VdS-Sternkarte_2024-08-1536x1097.jpg 1536w, https:\/\/sternwarte-zweibruecken.de\/wp-content\/uploads\/2024\/07\/VdS-Sternkarte_2024-08-18x12.jpg 18w, https:\/\/sternwarte-zweibruecken.de\/wp-content\/uploads\/2024\/07\/VdS-Sternkarte_2024-08.jpg 1600w\" sizes=\"auto, (max-width: 1024px) 100vw, 1024px\" \/><\/a><\/figure>\n<\/div>","protected":false},"excerpt":{"rendered":"<p>Pers\u00e9ides et occultation de Saturne : Chaque ann\u00e9e au mois d'ao\u00fbt, on peut observer d'innombrables \u00e9toiles filantes, les Pers\u00e9ides. Elles tirent leur nom de leur origine dans la direction de la constellation de Pers\u00e9e, qui s'\u00e9tend lentement au cours du mois...<\/p>","protected":false},"author":7,"featured_media":0,"comment_status":"closed","ping_status":"closed","sticky":false,"template":"","format":"standard","meta":{"footnotes":""},"categories":[38],"tags":[],"class_list":["post-2791","post","type-post","status-publish","format-standard","hentry","category-die-himmelsvorschau"],"_links":{"self":[{"href":"https:\/\/sternwarte-zweibruecken.de\/fr\/wp-json\/wp\/v2\/posts\/2791","targetHints":{"allow":["GET"]}}],"collection":[{"href":"https:\/\/sternwarte-zweibruecken.de\/fr\/wp-json\/wp\/v2\/posts"}],"about":[{"href":"https:\/\/sternwarte-zweibruecken.de\/fr\/wp-json\/wp\/v2\/types\/post"}],"author":[{"embeddable":true,"href":"https:\/\/sternwarte-zweibruecken.de\/fr\/wp-json\/wp\/v2\/users\/7"}],"replies":[{"embeddable":true,"href":"https:\/\/sternwarte-zweibruecken.de\/fr\/wp-json\/wp\/v2\/comments?post=2791"}],"version-history":[{"count":4,"href":"https:\/\/sternwarte-zweibruecken.de\/fr\/wp-json\/wp\/v2\/posts\/2791\/revisions"}],"predecessor-version":[{"id":2796,"href":"https:\/\/sternwarte-zweibruecken.de\/fr\/wp-json\/wp\/v2\/posts\/2791\/revisions\/2796"}],"wp:attachment":[{"href":"https:\/\/sternwarte-zweibruecken.de\/fr\/wp-json\/wp\/v2\/media?parent=2791"}],"wp:term":[{"taxonomy":"category","embeddable":true,"href":"https:\/\/sternwarte-zweibruecken.de\/fr\/wp-json\/wp\/v2\/categories?post=2791"},{"taxonomy":"post_tag","embeddable":true,"href":"https:\/\/sternwarte-zweibruecken.de\/fr\/wp-json\/wp\/v2\/tags?post=2791"}],"curies":[{"name":"wp","href":"https:\/\/api.w.org\/{rel}","templated":true}]}}